{"id":1088,"date":"2023-03-30T14:48:32","date_gmt":"2023-03-30T12:48:32","guid":{"rendered":"https:\/\/rechtaufleben.org\/ral\/?p=1088"},"modified":"2025-10-16T10:04:36","modified_gmt":"2025-10-16T08:04:36","slug":"im-1-quartal-2023-58-hinrichtungen-in-zwei-wochen-105-hinrichtungen-in-den-ersten-zwei-monaten","status":"publish","type":"post","link":"https:\/\/rechtaufleben.org\/ral\/im-1-quartal-2023-58-hinrichtungen-in-zwei-wochen-105-hinrichtungen-in-den-ersten-zwei-monaten\/","title":{"rendered":"Iran: Mindestens 15 Hinrichtungen in der zweiten Woche des M\u00e4rz"},"content":{"rendered":"<!--themify_builder_content-->\n<div id=\"themify_builder_content-1088\" data-postid=\"1088\" class=\"themify_builder_content themify_builder_content-1088 themify_builder tf_clear\">\n                    <div  data-lazy=\"1\" class=\"module_row themify_builder_row tb_uua1439 tb_first tf_w\">\n                        <div class=\"row_inner col_align_top tb_col_count_1 tf_box tf_rel\">\n                        <div  data-lazy=\"1\" class=\"module_column tb-column col-full tb_qwpu440 first\">\n                    <!-- module text -->\n<div  class=\"module module-text tb_kivj766   \" data-lazy=\"1\">\n        <div  class=\"tb_text_wrap\">\n        <h5 style=\"text-align: center;\"><span style=\"color: #000000;\"><strong>Zwei Gefangene sind wegen medizinischer Nachl\u00e4ssigkeit gestorben, darunter eine Frau!<\/strong><\/span><\/h5>    <\/div>\n<\/div>\n<!-- \/module text --><!-- module text -->\n<div  class=\"module module-text tb_y5db321   \" data-lazy=\"1\">\n        <div  class=\"tb_text_wrap\">\n        <p><span style=\"color: #000000;\">Khameneis Hinrichtungs- und T\u00f6tungsmaschine arbeitet mit h\u00f6chster Geschwindigkeit aus Furcht davor, dass sich ein Volksaufstand entz\u00fcndet, und seine Henker f\u00fchrten innerhalb der zweiten Woche des M\u00e4rz 15 Gefangene zum Galgen.<\/span><\/p>\n<p><span style=\"color: #000000;\">Am Sonntag, dem 12. M\u00e4rz, wurde\u00a0 Ali Mokhan Saifi im Gef\u00e4ngnis Dieselabad in Kermanshah und Tawheed Ramezani und Nabi Langrani wurden im Adelabad Gef\u00e4ngnis in Shiras hingerichtet.<\/span><\/p>\n<p><span style=\"color: #000000;\">Am 11. M\u00e4rz wurden Zafar Hadipour, Nader Ebrahimpour, Yunes Koolmarzi und ein weiterer Gefangener im Zentralgef\u00e4ngnis von\u00a0 Khorramabad erh\u00e4ngt.<\/span><\/p>    <\/div>\n<\/div>\n<!-- \/module text -->        <div  data-lazy=\"1\" class=\"module_subrow themify_builder_sub_row tf_w col_align_top tb_col_count_2 tb_dcre362\">\n                <div  data-lazy=\"1\" class=\"module_column sub_column col4-2 tb_i1lf363 first\">\n                    <!-- module image -->\n<div  class=\"module module-image tb_3z0d370 image-top   tf_mw\" data-lazy=\"1\">\n        <div class=\"image-wrap tf_rel tf_mw\">\n            <img decoding=\"async\" src=\"https:\/\/rechtaufleben.org\/ral\/wp-content\/uploads\/2023\/03\/Stopp-Hinrichtungen-im-Iran-1.jpg\" title=\"Iran: Mindestens 15 Hinrichtungen in der zweiten Woche des M\u00e4rz\" alt=\"Iran: Mindestens 15 Hinrichtungen in der zweiten Woche des M\u00e4rz\">    \n        <\/div>\n    <!-- \/image-wrap -->\n    \n        <\/div>\n<!-- \/module image -->        <\/div>\n                    <div  data-lazy=\"1\" class=\"module_column sub_column col4-2 tb_fb77363 last\">\n                    <!-- module text -->\n<div  class=\"module module-text tb_kkqk877   \" data-lazy=\"1\">\n        <div  class=\"tb_text_wrap\">\n        <p><span style=\"color: #000000;\">Am 10. M\u00e4rz wurden\u00a0 Sayad Faramarzi, Saleh Ghasemi, Mansour Abdaizadeh und Jalal Sardari Fard im Gef\u00e4ngnis von Urmia hingerichtet und Ahmad Badschizehi wurde im Adel Abad Gef\u00e4ngnis in Shiras erh\u00e4ngt.<\/span><\/p>\n<p><span style=\"color: #000000;\">Am 9. M\u00e4rz wurde Jalal Sardari Far im Zentralgef\u00e4ngnis von Urmia und am Dienstag, dem 7. M\u00e4rz wurden Meisam Bahrami und Shahbakhsh Ostadi im Zentralgef\u00e4ngnis von Bandar Abbas erh\u00e4ngt.<\/span><\/p>\n<p><span style=\"color: #000000;\">Am 8. M\u00e4rz bekam ein Gefangener mit dem Namen Taghizadeh im Gef\u00e4ngnis von Urmia Herzprobleme und starb, weil die Gef\u00e4ngnisverwalter z\u00f6gerten, ihn ins Krankenhaus zu schicken. Am 7. M\u00e4rz verstarb im Straf- und Trainingszentrum und Gef\u00e4ngnis in Sanandadsch eine Gefangene mit dem Namen Seyedeh Amineh Ahmadi, die vor zwei Jahren festgenommen worden war, an schwerer Vergiftung und dem Fehlen medizinischer Behandlung.<\/span><\/p>    <\/div>\n<\/div>\n<!-- \/module text -->        <\/div>\n                    <\/div>\n                <\/div>\n                        <\/div>\n        <\/div>\n                        <div  data-lazy=\"1\" class=\"module_row themify_builder_row tb_h6pj475 tf_w\">\n                        <div class=\"row_inner col_align_top tb_col_count_1 tf_box tf_rel\">\n                        <div  data-lazy=\"1\" class=\"module_column tb-column col-full tb_1ef2475 first\">\n                    <!-- module text -->\n<div  class=\"module module-text tb_ev4d77   \" data-lazy=\"1\">\n        <div  class=\"tb_text_wrap\">\n        <p><span style=\"color: #000000;\">Am Dienstag, dem 7. M\u00e4rz wurde ein Belutsche mit dem Namen Mohammad Rigi in Zahedan get\u00f6tet, nachdem er vom Milit\u00e4r des Regimes beschossen wurde.<\/span><\/p>\n<p><span style=\"color: #000000;\">Wir \u00a0fordern einmal mehr die Vereinten Nationen, die Europ\u00e4ische Union und Mitgliedstaaten auf, sofort etwas zu unternehmen, um das Mullah Regime \u00a0zu zwingen, die Hinrichtungen und T\u00f6tungen zu stoppen. Dieses Regime sollte von der internationalen Gemeinschaft ausgeschlossen, das Dossier seiner Verbrechen sollte an den Sicherheitsrat der Vereinten Nationen verwiesen und seine F\u00fchrer sollten f\u00fcr vier Jahrzehnte des Genozids und der Verbrechen gegen die Menschlichkeit vor Gericht gestellt werden.<\/span><\/p>    <\/div>\n<\/div>\n<!-- \/module text -->        <\/div>\n                        <\/div>\n        <\/div>\n        <\/div>\n<!--\/themify_builder_content-->","protected":false},"excerpt":{"rendered":"<p>Zwei Gefangene sind wegen medizinischer Nachl\u00e4ssigkeit gestorben, darunter eine Frau!<\/p>\n","protected":false},"author":1,"featured_media":0,"comment_status":"open","ping_status":"closed","sticky":false,"template":"","format":"standard","meta":{"give_campaign_id":0,"footnotes":""},"categories":[64,68],"tags":[],"class_list":["post-1088","post","type-post","status-publish","format-standard","hentry","category-aktuelles","category-uncategorized"],"builder_content":"<h5 style=\"text-align: center;\"><strong>Zwei Gefangene sind wegen medizinischer Nachl\u00e4ssigkeit gestorben, darunter eine Frau!<\/strong><\/h5>\n<p>Khameneis Hinrichtungs- und T\u00f6tungsmaschine arbeitet mit h\u00f6chster Geschwindigkeit aus Furcht davor, dass sich ein Volksaufstand entz\u00fcndet, und seine Henker f\u00fchrten innerhalb der zweiten Woche des M\u00e4rz 15 Gefangene zum Galgen.<\/p> <p>Am Sonntag, dem 12. M\u00e4rz, wurde\u00a0 Ali Mokhan Saifi im Gef\u00e4ngnis Dieselabad in Kermanshah und Tawheed Ramezani und Nabi Langrani wurden im Adelabad Gef\u00e4ngnis in Shiras hingerichtet.<\/p> <p>Am 11. M\u00e4rz wurden Zafar Hadipour, Nader Ebrahimpour, Yunes Koolmarzi und ein weiterer Gefangener im Zentralgef\u00e4ngnis von\u00a0 Khorramabad erh\u00e4ngt.<\/p>\n<img src=\"https:\/\/rechtaufleben.org\/ral\/wp-content\/uploads\/2023\/03\/Stopp-Hinrichtungen-im-Iran-1.jpg\" title=\"Iran: Mindestens 15 Hinrichtungen in der zweiten Woche des M\u00e4rz\" alt=\"Iran: Mindestens 15 Hinrichtungen in der zweiten Woche des M\u00e4rz\">\n<p>Am 10. M\u00e4rz wurden\u00a0 Sayad Faramarzi, Saleh Ghasemi, Mansour Abdaizadeh und Jalal Sardari Fard im Gef\u00e4ngnis von Urmia hingerichtet und Ahmad Badschizehi wurde im Adel Abad Gef\u00e4ngnis in Shiras erh\u00e4ngt.<\/p> <p>Am 9. M\u00e4rz wurde Jalal Sardari Far im Zentralgef\u00e4ngnis von Urmia und am Dienstag, dem 7. M\u00e4rz wurden Meisam Bahrami und Shahbakhsh Ostadi im Zentralgef\u00e4ngnis von Bandar Abbas erh\u00e4ngt.<\/p> <p>Am 8. M\u00e4rz bekam ein Gefangener mit dem Namen Taghizadeh im Gef\u00e4ngnis von Urmia Herzprobleme und starb, weil die Gef\u00e4ngnisverwalter z\u00f6gerten, ihn ins Krankenhaus zu schicken. Am 7. M\u00e4rz verstarb im Straf- und Trainingszentrum und Gef\u00e4ngnis in Sanandadsch eine Gefangene mit dem Namen Seyedeh Amineh Ahmadi, die vor zwei Jahren festgenommen worden war, an schwerer Vergiftung und dem Fehlen medizinischer Behandlung.<\/p>\n<p>Am Dienstag, dem 7. M\u00e4rz wurde ein Belutsche mit dem Namen Mohammad Rigi in Zahedan get\u00f6tet, nachdem er vom Milit\u00e4r des Regimes beschossen wurde.<\/p> <p>Wir \u00a0fordern einmal mehr die Vereinten Nationen, die Europ\u00e4ische Union und Mitgliedstaaten auf, sofort etwas zu unternehmen, um das Mullah Regime \u00a0zu zwingen, die Hinrichtungen und T\u00f6tungen zu stoppen. Dieses Regime sollte von der internationalen Gemeinschaft ausgeschlossen, das Dossier seiner Verbrechen sollte an den Sicherheitsrat der Vereinten Nationen verwiesen und seine F\u00fchrer sollten f\u00fcr vier Jahrzehnte des Genozids und der Verbrechen gegen die Menschlichkeit vor Gericht gestellt werden.<\/p>","_links":{"self":[{"href":"https:\/\/rechtaufleben.org\/ral\/wp-json\/wp\/v2\/posts\/1088","targetHints":{"allow":["GET"]}}],"collection":[{"href":"https:\/\/rechtaufleben.org\/ral\/wp-json\/wp\/v2\/posts"}],"about":[{"href":"https:\/\/rechtaufleben.org\/ral\/wp-json\/wp\/v2\/types\/post"}],"author":[{"embeddable":true,"href":"https:\/\/rechtaufleben.org\/ral\/wp-json\/wp\/v2\/users\/1"}],"replies":[{"embeddable":true,"href":"https:\/\/rechtaufleben.org\/ral\/wp-json\/wp\/v2\/comments?post=1088"}],"version-history":[{"count":0,"href":"https:\/\/rechtaufleben.org\/ral\/wp-json\/wp\/v2\/posts\/1088\/revisions"}],"wp:attachment":[{"href":"https:\/\/rechtaufleben.org\/ral\/wp-json\/wp\/v2\/media?parent=1088"}],"wp:term":[{"taxonomy":"category","embeddable":true,"href":"https:\/\/rechtaufleben.org\/ral\/wp-json\/wp\/v2\/categories?post=1088"},{"taxonomy":"post_tag","embeddable":true,"href":"https:\/\/rechtaufleben.org\/ral\/wp-json\/wp\/v2\/tags?post=1088"}],"curies":[{"name":"wp","href":"https:\/\/api.w.org\/{rel}","templated":true}]}}