{"id":1103,"date":"2023-03-30T15:27:49","date_gmt":"2023-03-30T13:27:49","guid":{"rendered":"https:\/\/rechtaufleben.org\/ral\/?p=1103"},"modified":"2025-10-16T10:10:50","modified_gmt":"2025-10-16T08:10:50","slug":"im-1-quartal-2023-58-hinrichtungen-in-zwei-wochen-105-hinrichtungen-in-den-ersten-zwei-monaten-2","status":"publish","type":"post","link":"https:\/\/rechtaufleben.org\/ral\/im-1-quartal-2023-58-hinrichtungen-in-zwei-wochen-105-hinrichtungen-in-den-ersten-zwei-monaten-2\/","title":{"rendered":"Iran im 1. Quartal 2023: 58 Hinrichtungen in zwei Wochen, 105 Hinrichtungen in den ersten zwei Monaten"},"content":{"rendered":"<!--themify_builder_content-->\n<div id=\"themify_builder_content-1103\" data-postid=\"1103\" class=\"themify_builder_content themify_builder_content-1103 themify_builder tf_clear\">\n                    <div  data-lazy=\"1\" class=\"module_row themify_builder_row tb_uua1439 tb_first tf_w\">\n                        <div class=\"row_inner col_align_top tb_col_count_1 tf_box tf_rel\">\n                        <div  data-lazy=\"1\" class=\"module_column tb-column col-full tb_qwpu440 first\">\n                    <!-- module text -->\n<div  class=\"module module-text tb_kivj766   \" data-lazy=\"1\">\n        <div  class=\"tb_text_wrap\">\n        <h5 style=\"text-align: center;\"><span style=\"color: #000000;\"><strong>Sechs politische Gefangene arabischer ethnischer Minderheiten zum Tode verurteilt!<\/strong><\/span><\/h5>\n<h6 style=\"text-align: center;\"><span style=\"color: #000000;\"><strong>Aufruf zum Schutz der Leben der zum Tode verurteilten Gefangenen!<\/strong><\/span><\/h6>    <\/div>\n<\/div>\n<!-- \/module text --><!-- module text -->\n<div  class=\"module module-text tb_y5db321   \" data-lazy=\"1\">\n        <div  class=\"tb_text_wrap\">\n        <p><span style=\"color: #000000;\">Der oberste F\u00fchrer des iranischen Regimes, Ali Khamenei, hat aus Angst vor dem Ausbruch weiterer Aufst\u00e4nde die Hinrichtung von Gefangenen gleichzeitig mit der Vergiftung von Schulm\u00e4dchen eskalieren lassen.<\/span><\/p>\n<p><span style=\"color: #000000;\">Am 6. M\u00e4rz, verk\u00fcndete die Justiz des Regimes die Todesurteile f\u00fcr sechs arabische politische Gefangene in der Provinz Khuzestan f\u00fcr den Tod einer Reihe von Agenten der Staatssicherheit und der Bassidsch..<\/span><\/p>\n<p><span style=\"color: #000000;\">Am 27. Februar, wurde Leila Bameri, Mutter von zwei Kindern im Alter von 5 und 7 Jahren, nach dreij\u00e4hriger Haft im Gef\u00e4ngnis von Bandar Abbas erh\u00e4ngt. Am Donnerstag, dem 23. Februar, wurden zwei Gefangene im Lakan-Gef\u00e4ngnis von Rasht hingerichtet.<\/span><\/p>    <\/div>\n<\/div>\n<!-- \/module text -->        <div  data-lazy=\"1\" class=\"module_subrow themify_builder_sub_row tf_w col_align_top tb_col_count_2 tb_dcre362\">\n                <div  data-lazy=\"1\" class=\"module_column sub_column col4-2 tb_i1lf363 first\">\n                    <!-- module image -->\n<div  class=\"module module-image tb_3z0d370 image-top   tf_mw\" data-lazy=\"1\">\n        <div class=\"image-wrap tf_rel tf_mw\">\n            <img decoding=\"async\" src=\"https:\/\/rechtaufleben.org\/ral\/wp-content\/uploads\/2023\/03\/Hinrichtung-364x240-2.jpg\" title=\"Iran im 1. Quartal 2023: 58 Hinrichtungen in zwei Wochen, 105 Hinrichtungen in den ersten zwei Monaten\" alt=\"Iran im 1. Quartal 2023: 58 Hinrichtungen in zwei Wochen, 105 Hinrichtungen in den ersten zwei Monaten\">    \n        <\/div>\n    <!-- \/image-wrap -->\n    \n        <\/div>\n<!-- \/module image -->        <\/div>\n                    <div  data-lazy=\"1\" class=\"module_column sub_column col4-2 tb_fb77363 last\">\n                    <!-- module text -->\n<div  class=\"module module-text tb_kkqk877   \" data-lazy=\"1\">\n        <div  class=\"tb_text_wrap\">\n        <p><span style=\"color: #000000;\">Unter Ber\u00fccksichtigung der zuvor bekannt gegebenen Statistiken hat das Regime in den letzten zwei Wochen mindestens 38 Gefangene hingerichtet, darunter zwei politische Gefangene. Die Zahl der Hinrichtungen in den ersten beiden Monaten des Jahres 2023 betr\u00e4gt mindestens 105.<\/span><\/p>    <\/div>\n<\/div>\n<!-- \/module text -->        <\/div>\n                    <\/div>\n                <\/div>\n                        <\/div>\n        <\/div>\n                        <div  data-lazy=\"1\" class=\"module_row themify_builder_row tb_h6pj475 tf_w\">\n                        <div class=\"row_inner col_align_top tb_col_count_1 tf_box tf_rel\">\n                        <div  data-lazy=\"1\" class=\"module_column tb-column col-full tb_1ef2475 first\">\n                    <!-- module text -->\n<div  class=\"module module-text tb_ev4d77   \" data-lazy=\"1\">\n        <div  class=\"tb_text_wrap\">\n        <p><span style=\"color: #000000;\">Wir rufen erneut zum dringenden Handeln der Vereinten Nationen, der Europ\u00e4ischen Union und ihrer Mitgliedsstaaten auf, um das Leben der zum Tode verurteilten Gefangenen, insbesondere der politischen Gefangenen, zu retten und das Mullah-Regime zu zwingen, Hinrichtungen und Morde einzustellen. Dieses Regime muss aus der internationalen Gemeinschaft ausgeschlossen, seine Akte der Verbrechen an den Sicherheitsrat der Vereinten Nationen verwiesen und seine F\u00fchrer f\u00fcr vier Jahrzehnte V\u00f6lkermord und Verbrechen gegen die Menschlichkeit vor Gericht gestellt werden.<\/span><\/p>    <\/div>\n<\/div>\n<!-- \/module text -->        <\/div>\n                        <\/div>\n        <\/div>\n        <\/div>\n<!--\/themify_builder_content-->","protected":false},"excerpt":{"rendered":"<p>Sechs politische Gefangene arabischer ethnischer Minderheiten zum Tode verurteilt! Aufruf zum Schutz der Leben der zum Tode verurteilten Gefangenen!<\/p>\n","protected":false},"author":1,"featured_media":0,"comment_status":"open","ping_status":"closed","sticky":false,"template":"","format":"standard","meta":{"give_campaign_id":0,"footnotes":""},"categories":[64,68],"tags":[],"class_list":["post-1103","post","type-post","status-publish","format-standard","hentry","category-aktuelles","category-uncategorized"],"builder_content":"<h5 style=\"text-align: center;\"><strong>Sechs politische Gefangene arabischer ethnischer Minderheiten zum Tode verurteilt!<\/strong><\/h5> <h6 style=\"text-align: center;\"><strong>Aufruf zum Schutz der Leben der zum Tode verurteilten Gefangenen!<\/strong><\/h6>\n<p>Der oberste F\u00fchrer des iranischen Regimes, Ali Khamenei, hat aus Angst vor dem Ausbruch weiterer Aufst\u00e4nde die Hinrichtung von Gefangenen gleichzeitig mit der Vergiftung von Schulm\u00e4dchen eskalieren lassen.<\/p> <p>Am 6. M\u00e4rz, verk\u00fcndete die Justiz des Regimes die Todesurteile f\u00fcr sechs arabische politische Gefangene in der Provinz Khuzestan f\u00fcr den Tod einer Reihe von Agenten der Staatssicherheit und der Bassidsch..<\/p> <p>Am 27. Februar, wurde Leila Bameri, Mutter von zwei Kindern im Alter von 5 und 7 Jahren, nach dreij\u00e4hriger Haft im Gef\u00e4ngnis von Bandar Abbas erh\u00e4ngt. Am Donnerstag, dem 23. Februar, wurden zwei Gefangene im Lakan-Gef\u00e4ngnis von Rasht hingerichtet.<\/p>\n<img src=\"https:\/\/rechtaufleben.org\/ral\/wp-content\/uploads\/2023\/03\/Hinrichtung-364x240-2.jpg\" title=\"Iran im 1. Quartal 2023: 58 Hinrichtungen in zwei Wochen, 105 Hinrichtungen in den ersten zwei Monaten\" alt=\"Iran im 1. Quartal 2023: 58 Hinrichtungen in zwei Wochen, 105 Hinrichtungen in den ersten zwei Monaten\">\n<p>Unter Ber\u00fccksichtigung der zuvor bekannt gegebenen Statistiken hat das Regime in den letzten zwei Wochen mindestens 38 Gefangene hingerichtet, darunter zwei politische Gefangene. Die Zahl der Hinrichtungen in den ersten beiden Monaten des Jahres 2023 betr\u00e4gt mindestens 105.<\/p>\n<p>Wir rufen erneut zum dringenden Handeln der Vereinten Nationen, der Europ\u00e4ischen Union und ihrer Mitgliedsstaaten auf, um das Leben der zum Tode verurteilten Gefangenen, insbesondere der politischen Gefangenen, zu retten und das Mullah-Regime zu zwingen, Hinrichtungen und Morde einzustellen. Dieses Regime muss aus der internationalen Gemeinschaft ausgeschlossen, seine Akte der Verbrechen an den Sicherheitsrat der Vereinten Nationen verwiesen und seine F\u00fchrer f\u00fcr vier Jahrzehnte V\u00f6lkermord und Verbrechen gegen die Menschlichkeit vor Gericht gestellt werden.<\/p>","_links":{"self":[{"href":"https:\/\/rechtaufleben.org\/ral\/wp-json\/wp\/v2\/posts\/1103","targetHints":{"allow":["GET"]}}],"collection":[{"href":"https:\/\/rechtaufleben.org\/ral\/wp-json\/wp\/v2\/posts"}],"about":[{"href":"https:\/\/rechtaufleben.org\/ral\/wp-json\/wp\/v2\/types\/post"}],"author":[{"embeddable":true,"href":"https:\/\/rechtaufleben.org\/ral\/wp-json\/wp\/v2\/users\/1"}],"replies":[{"embeddable":true,"href":"https:\/\/rechtaufleben.org\/ral\/wp-json\/wp\/v2\/comments?post=1103"}],"version-history":[{"count":0,"href":"https:\/\/rechtaufleben.org\/ral\/wp-json\/wp\/v2\/posts\/1103\/revisions"}],"wp:attachment":[{"href":"https:\/\/rechtaufleben.org\/ral\/wp-json\/wp\/v2\/media?parent=1103"}],"wp:term":[{"taxonomy":"category","embeddable":true,"href":"https:\/\/rechtaufleben.org\/ral\/wp-json\/wp\/v2\/categories?post=1103"},{"taxonomy":"post_tag","embeddable":true,"href":"https:\/\/rechtaufleben.org\/ral\/wp-json\/wp\/v2\/tags?post=1103"}],"curies":[{"name":"wp","href":"https:\/\/api.w.org\/{rel}","templated":true}]}}