{"id":332,"date":"2022-08-30T12:13:36","date_gmt":"2022-08-30T10:13:36","guid":{"rendered":"https:\/\/rechtaufleben.org\/ral\/?p=332"},"modified":"2022-08-30T12:13:36","modified_gmt":"2022-08-30T10:13:36","slug":"der-prasident-der-hinrichtungen-iranische-exilanten-reichen-klage-gegen-raisi-ein-raisi-ist-der-blutrichter","status":"publish","type":"post","link":"https:\/\/rechtaufleben.org\/ral\/der-prasident-der-hinrichtungen-iranische-exilanten-reichen-klage-gegen-raisi-ein-raisi-ist-der-blutrichter\/","title":{"rendered":"Der \u00abPr\u00e4sident der Hinrichtungen\u00bb: Iranische Exilanten reichen Klage gegen Raisi ein! Wer ist Raisi? Ein \u00abBlutrichter\u00bb!"},"content":{"rendered":"\n<p><strong>RAISI DARF NICHT NACH EU KOMMEN!<\/strong><br>Wer wird einen Massenm\u00f6rder davon abhalten?<br>Ebrahim Raisi wurde nach seiner Scheinwahl Pr\u00e4sident des Iran.<\/p>\n\n\n\n<ul class=\"wp-block-list\">\n<li>Raisi steht wegen einer Reihe von Menschenrechtsverletzungen auf der US-Sanktionsliste.<\/li>\n\n\n\n<li>Er ist eine der M\u00f6rder und V\u00f6lkermordt\u00e4ter, der offen stolz auf seine Rolle ist.<\/li>\n\n\n\n<li>Er war Mitglied der &#8220;Todeskommission&#8221;, die das T\u00f6ten von Menschen beaufsichtigte: Mehr als 30.000 politische Gefangene wurden im Sommer 1988 hingerichtet, darunter Teenager und schwangere Frauen.<\/li>\n\n\n\n<li>Er war Chef der iranischen Justiz:\n<ul class=\"wp-block-list\">\n<li>Hinrichtung von 251 Personen im Jahr 2019<\/li>\n\n\n\n<li>Hinrichtung von 267 Personen im Jahr 2020<\/li>\n\n\n\n<li>Hunderte Hinrichtungen bisher im Jahr 2021<\/li>\n<\/ul>\n<\/li>\n\n\n\n<li>Er ist mitverantwortlich f\u00fcr die Ermordung von mehr als 1.500 Demonstranten im Nov. 2019.<\/li>\n\n\n\n<li>Nach Angaben von Augenzeugen und \u00dcberlebenden: Oft \u00fcberwachte er die Folter von M\u00e4nnern und Frauen und beteiligte sich dann pers\u00f6nlich an deren Hinrichtung.<\/li>\n<\/ul>\n\n\n<!-- wp:themify-builder\/canvas \/-->","protected":false},"excerpt":{"rendered":"<p>RAISI DARF NICHT NACH EU KOMMEN!Wer wird einen Massenm\u00f6rder davon abhalten?Ebrahim Raisi wurde nach seiner Scheinwahl Pr\u00e4sident des Iran.<\/p>\n","protected":false},"author":1,"featured_media":3342,"comment_status":"open","ping_status":"open","sticky":false,"template":"","format":"standard","meta":{"give_campaign_id":0,"footnotes":""},"categories":[64,68],"tags":[],"class_list":["post-332","post","type-post","status-publish","format-standard","has-post-thumbnail","hentry","category-aktuelles","category-uncategorized"],"builder_content":"","_links":{"self":[{"href":"https:\/\/rechtaufleben.org\/ral\/wp-json\/wp\/v2\/posts\/332","targetHints":{"allow":["GET"]}}],"collection":[{"href":"https:\/\/rechtaufleben.org\/ral\/wp-json\/wp\/v2\/posts"}],"about":[{"href":"https:\/\/rechtaufleben.org\/ral\/wp-json\/wp\/v2\/types\/post"}],"author":[{"embeddable":true,"href":"https:\/\/rechtaufleben.org\/ral\/wp-json\/wp\/v2\/users\/1"}],"replies":[{"embeddable":true,"href":"https:\/\/rechtaufleben.org\/ral\/wp-json\/wp\/v2\/comments?post=332"}],"version-history":[{"count":0,"href":"https:\/\/rechtaufleben.org\/ral\/wp-json\/wp\/v2\/posts\/332\/revisions"}],"wp:featuredmedia":[{"embeddable":true,"href":"https:\/\/rechtaufleben.org\/ral\/wp-json\/"}],"wp:attachment":[{"href":"https:\/\/rechtaufleben.org\/ral\/wp-json\/wp\/v2\/media?parent=332"}],"wp:term":[{"taxonomy":"category","embeddable":true,"href":"https:\/\/rechtaufleben.org\/ral\/wp-json\/wp\/v2\/categories?post=332"},{"taxonomy":"post_tag","embeddable":true,"href":"https:\/\/rechtaufleben.org\/ral\/wp-json\/wp\/v2\/tags?post=332"}],"curies":[{"name":"wp","href":"https:\/\/api.w.org\/{rel}","templated":true}]}}