{"id":3381,"date":"2023-04-18T13:57:17","date_gmt":"2023-04-18T11:57:17","guid":{"rendered":"https:\/\/rechtaufleben.org\/ral\/?p=3381"},"modified":"2025-10-16T09:26:38","modified_gmt":"2025-10-16T07:26:38","slug":"menschenrechtsaktivistin-taraneh-alidoosti-wurde-freigelassen","status":"publish","type":"post","link":"https:\/\/rechtaufleben.org\/ral\/menschenrechtsaktivistin-taraneh-alidoosti-wurde-freigelassen\/","title":{"rendered":"Menschenrechtsaktivistin, Taraneh Alidoosti, wurde freigelassen"},"content":{"rendered":"<!--themify_builder_content-->\n<div id=\"themify_builder_content-3381\" data-postid=\"3381\" class=\"themify_builder_content themify_builder_content-3381 themify_builder tf_clear\">\n                    <div  data-lazy=\"1\" class=\"module_row themify_builder_row tb_uua1439 tb_first tf_w\">\n                        <div class=\"row_inner col_align_top tb_col_count_1 tf_box tf_rel\">\n                        <div  data-lazy=\"1\" class=\"module_column tb-column col-full tb_qwpu440 first\">\n                    <!-- module text -->\n<div  class=\"module module-text tb_y5db321   \" data-lazy=\"1\">\n        <div  class=\"tb_text_wrap\">\n        <p>Die Schauspielerin, Taraneh Alidoosti, die sich mit den Protesten im Iran solidarisiert hatte, wurde vor etwa drei Wochen auf Anordnung der iranischen\u00a0 Justiz festgenommen. Medienberichten zufolge wurde sie sp\u00e4ter gegen eine Kaution freigelassen und verlie\u00df das Evin-Gef\u00e4ngnis in Teheran. Sie wurde von Unterst\u00fctzern empfangen.<\/p>    <\/div>\n<\/div>\n<!-- \/module text -->        <div  data-lazy=\"1\" class=\"module_subrow themify_builder_sub_row tf_w col_align_top tb_col_count_2 tb_dcre362\">\n                <div  data-lazy=\"1\" class=\"module_column sub_column col4-2 tb_i1lf363 first\">\n                    <!-- module image -->\n<div  class=\"module module-image tb_3z0d370 image-top   tf_mw\" data-lazy=\"1\">\n        <div class=\"image-wrap tf_rel tf_mw\">\n            <img decoding=\"async\" src=\"https:\/\/rechtaufleben.org\/ral\/wp-content\/uploads\/2023\/04\/Taraneh-Alidoosti.png\" title=\"Menschenrechtsaktivistin, Taraneh Alidoosti, wurde freigelassen\" alt=\"Menschenrechtsaktivistin, Taraneh Alidoosti, wurde freigelassen\">    \n        <\/div>\n    <!-- \/image-wrap -->\n    \n        <\/div>\n<!-- \/module image -->        <\/div>\n                    <div  data-lazy=\"1\" class=\"module_column sub_column col4-2 tb_id2d906 last\">\n                            <\/div>\n                    <\/div>\n                <\/div>\n                        <\/div>\n        <\/div>\n        <\/div>\n<!--\/themify_builder_content-->","protected":false},"excerpt":{"rendered":"<p>Die Schauspielerin, Taraneh Alidoosti, die sich mit den Protesten im Iran solidarisiert hatte, wurde vor etwa drei Wochen auf Anordnung der iranischen\u00a0 Justiz festgenommen. Medienberichten zufolge wurde sie&hellip;<\/p>\n","protected":false},"author":1,"featured_media":0,"comment_status":"open","ping_status":"closed","sticky":false,"template":"","format":"standard","meta":{"give_campaign_id":0,"footnotes":""},"categories":[64,67,68],"tags":[],"class_list":["post-3381","post","type-post","status-publish","format-standard","hentry","category-aktuelles","category-menschenrechtsarbeit","category-uncategorized"],"builder_content":"<p>Die Schauspielerin, Taraneh Alidoosti, die sich mit den Protesten im Iran solidarisiert hatte, wurde vor etwa drei Wochen auf Anordnung der iranischen\u00a0 Justiz festgenommen. Medienberichten zufolge wurde sie sp\u00e4ter gegen eine Kaution freigelassen und verlie\u00df das Evin-Gef\u00e4ngnis in Teheran. Sie wurde von Unterst\u00fctzern empfangen.<\/p>\n<img src=\"https:\/\/rechtaufleben.org\/ral\/wp-content\/uploads\/2023\/04\/Taraneh-Alidoosti.png\" title=\"Menschenrechtsaktivistin, Taraneh Alidoosti, wurde freigelassen\" alt=\"Menschenrechtsaktivistin, Taraneh Alidoosti, wurde freigelassen\">","_links":{"self":[{"href":"https:\/\/rechtaufleben.org\/ral\/wp-json\/wp\/v2\/posts\/3381","targetHints":{"allow":["GET"]}}],"collection":[{"href":"https:\/\/rechtaufleben.org\/ral\/wp-json\/wp\/v2\/posts"}],"about":[{"href":"https:\/\/rechtaufleben.org\/ral\/wp-json\/wp\/v2\/types\/post"}],"author":[{"embeddable":true,"href":"https:\/\/rechtaufleben.org\/ral\/wp-json\/wp\/v2\/users\/1"}],"replies":[{"embeddable":true,"href":"https:\/\/rechtaufleben.org\/ral\/wp-json\/wp\/v2\/comments?post=3381"}],"version-history":[{"count":0,"href":"https:\/\/rechtaufleben.org\/ral\/wp-json\/wp\/v2\/posts\/3381\/revisions"}],"wp:attachment":[{"href":"https:\/\/rechtaufleben.org\/ral\/wp-json\/wp\/v2\/media?parent=3381"}],"wp:term":[{"taxonomy":"category","embeddable":true,"href":"https:\/\/rechtaufleben.org\/ral\/wp-json\/wp\/v2\/categories?post=3381"},{"taxonomy":"post_tag","embeddable":true,"href":"https:\/\/rechtaufleben.org\/ral\/wp-json\/wp\/v2\/tags?post=3381"}],"curies":[{"name":"wp","href":"https:\/\/api.w.org\/{rel}","templated":true}]}}