{"id":3493,"date":"2023-05-15T13:38:25","date_gmt":"2023-05-15T11:38:25","guid":{"rendered":"https:\/\/rechtaufleben.org\/ral\/?p=3493"},"modified":"2025-10-16T10:16:57","modified_gmt":"2025-10-16T08:16:57","slug":"iran-sieben-gefangene-darunter-zwei-belutschi-hingerichtet","status":"publish","type":"post","link":"https:\/\/rechtaufleben.org\/ral\/iran-sieben-gefangene-darunter-zwei-belutschi-hingerichtet\/","title":{"rendered":"Iran: Sieben Gefangene, darunter zwei Belutschi hingerichtet!"},"content":{"rendered":"<!--themify_builder_content-->\n<div id=\"themify_builder_content-3493\" data-postid=\"3493\" class=\"themify_builder_content themify_builder_content-3493 themify_builder tf_clear\">\n                    <div  data-lazy=\"1\" class=\"module_row themify_builder_row tb_uua1439 tb_first tf_w\">\n                        <div class=\"row_inner col_align_top tb_col_count_1 tf_box tf_rel\">\n                        <div  data-lazy=\"1\" class=\"module_column tb-column col-full tb_qwpu440 first\">\n                    <!-- module text -->\n<div  class=\"module module-text tb_f9ou867   \" data-lazy=\"1\">\n        <div  class=\"tb_text_wrap\">\n        <p><span style=\"color: #000000;\">Am Montag, den 8. Mai, richtete das iranische Regimes einen Gefangenen im Gef\u00e4ngnis von Dezful hin, weil er angeblich einen Sicherheitskraft get\u00f6tet haben soll. Am selben Tag wurden drei weitere Gefangene, darunter die beiden Belutschen Yunus Rigi Rakhshani und Yaser Rakhshani, in den Gef\u00e4ngnissen von Adelabad bzw. Zahedan geh\u00e4ngt, und Mohammad Ahmadi im Gef\u00e4ngnis von Isfahan hingerichtet.<\/span><\/p>    <\/div>\n<\/div>\n<!-- \/module text -->        <div  data-lazy=\"1\" class=\"module_subrow themify_builder_sub_row tf_w col_align_top tb_col_count_2 tb_dcre362\">\n                <div  data-lazy=\"1\" class=\"module_column sub_column col4-2 tb_i1lf363 first\">\n                    <!-- module image -->\n<div  class=\"module module-image tb_3z0d370 image-top   tf_mw\" data-lazy=\"1\">\n        <div class=\"image-wrap tf_rel tf_mw\">\n            <img decoding=\"async\" src=\"https:\/\/rechtaufleben.org\/ral\/wp-content\/uploads\/2023\/05\/Protest-Hinrichtungen.jpg\" title=\"Iran: Sieben Gefangene, darunter zwei Belutschi hingerichtet!\" alt=\"Iran: Sieben Gefangene, darunter zwei Belutschi hingerichtet!\">    \n        <\/div>\n    <!-- \/image-wrap -->\n    \n        <\/div>\n<!-- \/module image -->        <\/div>\n                    <div  data-lazy=\"1\" class=\"module_column sub_column col4-2 tb_fb77363 last\">\n                    <!-- module text -->\n<div  class=\"module module-text tb_6et6877   \" data-lazy=\"1\">\n        <div  class=\"tb_text_wrap\">\n        <p><span style=\"color: #000000;\">Damit stieg die Zahl der am 8. Mai hingerichteten Gefangenen auf insgesamt sieben, einschlie\u00dflich der beiden am Vortag in Arak hingerichteten Gefangenen.<\/span><\/p>    <\/div>\n<\/div>\n<!-- \/module text -->        <\/div>\n                    <\/div>\n                <\/div>\n                        <\/div>\n        <\/div>\n        <\/div>\n<!--\/themify_builder_content-->","protected":false},"excerpt":{"rendered":"<p>Am Montag, den 8. Mai, richtete das iranische Regimes einen Gefangenen im Gef\u00e4ngnis von Dezful hin, weil er angeblich einen Sicherheitskraft get\u00f6tet haben soll. Am selben Tag wurden&hellip;<\/p>\n","protected":false},"author":1,"featured_media":0,"comment_status":"open","ping_status":"closed","sticky":false,"template":"","format":"standard","meta":{"give_campaign_id":0,"footnotes":""},"categories":[64,68],"tags":[],"class_list":["post-3493","post","type-post","status-publish","format-standard","hentry","category-aktuelles","category-uncategorized"],"builder_content":"<p>Am Montag, den 8. Mai, richtete das iranische Regimes einen Gefangenen im Gef\u00e4ngnis von Dezful hin, weil er angeblich einen Sicherheitskraft get\u00f6tet haben soll. Am selben Tag wurden drei weitere Gefangene, darunter die beiden Belutschen Yunus Rigi Rakhshani und Yaser Rakhshani, in den Gef\u00e4ngnissen von Adelabad bzw. Zahedan geh\u00e4ngt, und Mohammad Ahmadi im Gef\u00e4ngnis von Isfahan hingerichtet.<\/p>\n<img src=\"https:\/\/rechtaufleben.org\/ral\/wp-content\/uploads\/2023\/05\/Protest-Hinrichtungen.jpg\" title=\"Iran: Sieben Gefangene, darunter zwei Belutschi hingerichtet!\" alt=\"Iran: Sieben Gefangene, darunter zwei Belutschi hingerichtet!\">\n<p>Damit stieg die Zahl der am 8. Mai hingerichteten Gefangenen auf insgesamt sieben, einschlie\u00dflich der beiden am Vortag in Arak hingerichteten Gefangenen.<\/p>","_links":{"self":[{"href":"https:\/\/rechtaufleben.org\/ral\/wp-json\/wp\/v2\/posts\/3493","targetHints":{"allow":["GET"]}}],"collection":[{"href":"https:\/\/rechtaufleben.org\/ral\/wp-json\/wp\/v2\/posts"}],"about":[{"href":"https:\/\/rechtaufleben.org\/ral\/wp-json\/wp\/v2\/types\/post"}],"author":[{"embeddable":true,"href":"https:\/\/rechtaufleben.org\/ral\/wp-json\/wp\/v2\/users\/1"}],"replies":[{"embeddable":true,"href":"https:\/\/rechtaufleben.org\/ral\/wp-json\/wp\/v2\/comments?post=3493"}],"version-history":[{"count":0,"href":"https:\/\/rechtaufleben.org\/ral\/wp-json\/wp\/v2\/posts\/3493\/revisions"}],"wp:attachment":[{"href":"https:\/\/rechtaufleben.org\/ral\/wp-json\/wp\/v2\/media?parent=3493"}],"wp:term":[{"taxonomy":"category","embeddable":true,"href":"https:\/\/rechtaufleben.org\/ral\/wp-json\/wp\/v2\/categories?post=3493"},{"taxonomy":"post_tag","embeddable":true,"href":"https:\/\/rechtaufleben.org\/ral\/wp-json\/wp\/v2\/tags?post=3493"}],"curies":[{"name":"wp","href":"https:\/\/api.w.org\/{rel}","templated":true}]}}