{"id":3532,"date":"2023-07-27T12:22:20","date_gmt":"2023-07-27T10:22:20","guid":{"rendered":"https:\/\/rechtaufleben.org\/ral\/?p=3532"},"modified":"2025-10-16T10:03:02","modified_gmt":"2025-10-16T08:03:02","slug":"im-iran-kommt-es-zu-neuen-protesten-das-regime-setzt-die-schrecklichen-hinrichtungen-fort","status":"publish","type":"post","link":"https:\/\/rechtaufleben.org\/ral\/im-iran-kommt-es-zu-neuen-protesten-das-regime-setzt-die-schrecklichen-hinrichtungen-fort\/","title":{"rendered":"Im Iran kommt es zu neuen Protesten. Das Regime setzt die schrecklichen Hinrichtungen fort!"},"content":{"rendered":"<!--themify_builder_content-->\n<div id=\"themify_builder_content-3532\" data-postid=\"3532\" class=\"themify_builder_content themify_builder_content-3532 themify_builder tf_clear\">\n                    <div  data-lazy=\"1\" class=\"module_row themify_builder_row tb_uua1439 tb_first tf_w\">\n                        <div class=\"row_inner col_align_top tb_col_count_1 tf_box tf_rel\">\n                        <div  data-lazy=\"1\" class=\"module_column tb-column col-full tb_qwpu440 first\">\n                    <!-- module text -->\n<div  class=\"module module-text tb_f9ou867   \" data-lazy=\"1\">\n        <div  class=\"tb_text_wrap\">\n        <p><span style=\"color: #000000;\">Der landesweite Aufstand im Iran erlebte am vergangenen Samstag seinen 247. Tag, w\u00e4hrend das iranische Regime seine brutalen Hinrichtungen im ganzen Land beschleunigt. Mehrere St\u00e4dte waren am vergangenen Freitag Schauplatz massiver Anti-Regime-Proteste, nachdem am fr\u00fchen Morgen drei Demonstranten, <em>Saleh <\/em>Mirhashemi, Saeed Yaghoubi und Majid Kazemi, in Isfahan hingerichtet und am selben Tag mindestens vier weitere Gefangene im Dastgerd-Gef\u00e4ngnis hingerichtet wurden.<\/span><\/p>    <\/div>\n<\/div>\n<!-- \/module text -->        <div  data-lazy=\"1\" class=\"module_subrow themify_builder_sub_row tf_w col_align_top tb_col_count_2 tb_dcre362\">\n                <div  data-lazy=\"1\" class=\"module_column sub_column col4-2 tb_i1lf363 first\">\n                    <!-- module image -->\n<div  class=\"module module-image tb_3z0d370 image-top   tf_mw\" data-lazy=\"1\">\n        <div class=\"image-wrap tf_rel tf_mw\">\n            <img decoding=\"async\" src=\"https:\/\/rechtaufleben.org\/ral\/wp-content\/uploads\/2023\/05\/Hinrichtung.jpg\" title=\"Im Iran kommt es zu neuen Protesten. Das Regime setzt die schrecklichen Hinrichtungen fort!\" alt=\"Im Iran kommt es zu neuen Protesten. Das Regime setzt die schrecklichen Hinrichtungen fort!\">    \n        <\/div>\n    <!-- \/image-wrap -->\n    \n        <\/div>\n<!-- \/module image -->        <\/div>\n                    <div  data-lazy=\"1\" class=\"module_column sub_column col4-2 tb_fb77363 last\">\n                    <!-- module text -->\n<div  class=\"module module-text tb_6et6877   \" data-lazy=\"1\">\n        <div  class=\"tb_text_wrap\">\n        <p><span style=\"color: #000000;\">Die Hinrichtungen der drei Demonstranten <\/span><span style=\"color: #000000;\">wurden<\/span><span style=\"color: #000000;\"> weltweit <\/span><span style=\"color: #000000;\">scharf verurteilt. Ein Sprecher des Ausw\u00e4rtigen Amtes in Berlin erkl\u00e4rte: \u201eDie Bundesregierung lehnt die Todesstrafe unter allen Umst\u00e4nden ab. Wir rufen Iran weiterhin dazu auf, diese unmenschliche, grausame und erniedrigende Art der Bestrafung umgehend auszusetzen.\u201c<\/span><\/p>    <\/div>\n<\/div>\n<!-- \/module text -->        <\/div>\n                    <\/div>\n        <!-- module text -->\n<div  class=\"module module-text tb_isb2177   \" data-lazy=\"1\">\n        <div  class=\"tb_text_wrap\">\n        <p><span style=\"color: #000000;\">Das klerikale Regime im Iran hat seit dem 21. April mindestens 122 H\u00e4ftlinge an den Galgen geschickt. Dies entspricht alle sechs Stunden eine Hinrichtung! Die internationale Gemeinschaft sieht angesichts der Brutalit\u00e4t der herrschenden Diktatur im Iran tatenlos zu und begn\u00fcgt sich auf verbale wirkungslose Verurteilungen. Die Beschwichtigungspolitik des Westens best\u00e4rkt das iranische Regime weiterhin in seiner menschenverachtenden Kriegs- und Unterdr\u00fcckungslust, und das iranische Volk ist das Hauptopfer. Trotz all dieser Hindernisse setzt das iranische Volk mit seinen landesweiten Aufst\u00e4nden und Protesten gegen das Regime fort.<\/span><\/p>    <\/div>\n<\/div>\n<!-- \/module text -->        <\/div>\n                        <\/div>\n        <\/div>\n        <\/div>\n<!--\/themify_builder_content-->","protected":false},"excerpt":{"rendered":"<p>Der landesweite Aufstand im Iran erlebte am vergangenen Samstag seinen 247. Tag, w\u00e4hrend das iranische Regime seine brutalen Hinrichtungen im ganzen Land beschleunigt. Mehrere St\u00e4dte waren am vergangenen&hellip;<\/p>\n","protected":false},"author":1,"featured_media":0,"comment_status":"open","ping_status":"closed","sticky":false,"template":"","format":"standard","meta":{"give_campaign_id":0,"footnotes":""},"categories":[64,68],"tags":[],"class_list":["post-3532","post","type-post","status-publish","format-standard","hentry","category-aktuelles","category-uncategorized"],"builder_content":"<p>Der landesweite Aufstand im Iran erlebte am vergangenen Samstag seinen 247. Tag, w\u00e4hrend das iranische Regime seine brutalen Hinrichtungen im ganzen Land beschleunigt. Mehrere St\u00e4dte waren am vergangenen Freitag Schauplatz massiver Anti-Regime-Proteste, nachdem am fr\u00fchen Morgen drei Demonstranten, <em>Saleh <\/em>Mirhashemi, Saeed Yaghoubi und Majid Kazemi, in Isfahan hingerichtet und am selben Tag mindestens vier weitere Gefangene im Dastgerd-Gef\u00e4ngnis hingerichtet wurden.<\/p>\n<img src=\"https:\/\/rechtaufleben.org\/ral\/wp-content\/uploads\/2023\/05\/Hinrichtung.jpg\" title=\"Im Iran kommt es zu neuen Protesten. Das Regime setzt die schrecklichen Hinrichtungen fort!\" alt=\"Im Iran kommt es zu neuen Protesten. Das Regime setzt die schrecklichen Hinrichtungen fort!\">\n<p>Die Hinrichtungen der drei Demonstranten wurden weltweit scharf verurteilt. Ein Sprecher des Ausw\u00e4rtigen Amtes in Berlin erkl\u00e4rte: \u201eDie Bundesregierung lehnt die Todesstrafe unter allen Umst\u00e4nden ab. Wir rufen Iran weiterhin dazu auf, diese unmenschliche, grausame und erniedrigende Art der Bestrafung umgehend auszusetzen.\u201c<\/p>\n<p>Das klerikale Regime im Iran hat seit dem 21. April mindestens 122 H\u00e4ftlinge an den Galgen geschickt. Dies entspricht alle sechs Stunden eine Hinrichtung! Die internationale Gemeinschaft sieht angesichts der Brutalit\u00e4t der herrschenden Diktatur im Iran tatenlos zu und begn\u00fcgt sich auf verbale wirkungslose Verurteilungen. Die Beschwichtigungspolitik des Westens best\u00e4rkt das iranische Regime weiterhin in seiner menschenverachtenden Kriegs- und Unterdr\u00fcckungslust, und das iranische Volk ist das Hauptopfer. Trotz all dieser Hindernisse setzt das iranische Volk mit seinen landesweiten Aufst\u00e4nden und Protesten gegen das Regime fort.<\/p>","_links":{"self":[{"href":"https:\/\/rechtaufleben.org\/ral\/wp-json\/wp\/v2\/posts\/3532","targetHints":{"allow":["GET"]}}],"collection":[{"href":"https:\/\/rechtaufleben.org\/ral\/wp-json\/wp\/v2\/posts"}],"about":[{"href":"https:\/\/rechtaufleben.org\/ral\/wp-json\/wp\/v2\/types\/post"}],"author":[{"embeddable":true,"href":"https:\/\/rechtaufleben.org\/ral\/wp-json\/wp\/v2\/users\/1"}],"replies":[{"embeddable":true,"href":"https:\/\/rechtaufleben.org\/ral\/wp-json\/wp\/v2\/comments?post=3532"}],"version-history":[{"count":0,"href":"https:\/\/rechtaufleben.org\/ral\/wp-json\/wp\/v2\/posts\/3532\/revisions"}],"wp:attachment":[{"href":"https:\/\/rechtaufleben.org\/ral\/wp-json\/wp\/v2\/media?parent=3532"}],"wp:term":[{"taxonomy":"category","embeddable":true,"href":"https:\/\/rechtaufleben.org\/ral\/wp-json\/wp\/v2\/categories?post=3532"},{"taxonomy":"post_tag","embeddable":true,"href":"https:\/\/rechtaufleben.org\/ral\/wp-json\/wp\/v2\/tags?post=3532"}],"curies":[{"name":"wp","href":"https:\/\/api.w.org\/{rel}","templated":true}]}}