{"id":3537,"date":"2023-08-29T17:41:01","date_gmt":"2023-08-29T15:41:01","guid":{"rendered":"https:\/\/rechtaufleben.org\/ral\/?p=3537"},"modified":"2025-10-16T08:37:48","modified_gmt":"2025-10-16T06:37:48","slug":"das-iranische-regime-verfolgt-die-familien-der-todesopfer-wegen-angeblicher-gefahrdung-der-staatssicherheit","status":"publish","type":"post","link":"https:\/\/rechtaufleben.org\/ral\/das-iranische-regime-verfolgt-die-familien-der-todesopfer-wegen-angeblicher-gefahrdung-der-staatssicherheit\/","title":{"rendered":"Das iranische Regime verfolgt die Familien der Todesopfer wegen angeblicher &#8220;Gef\u00e4hrdung der Staatssicherheit&#8221;!"},"content":{"rendered":"<!--themify_builder_content-->\n<div id=\"themify_builder_content-3537\" data-postid=\"3537\" class=\"themify_builder_content themify_builder_content-3537 themify_builder tf_clear\">\n                    <div  data-lazy=\"1\" class=\"module_row themify_builder_row tb_uua1439 tb_first tf_w\">\n                        <div class=\"row_inner col_align_top tb_col_count_1 tf_box tf_rel\">\n                        <div  data-lazy=\"1\" class=\"module_column tb-column col-full tb_qwpu440 first\">\n                            <div  data-lazy=\"1\" class=\"module_subrow themify_builder_sub_row tf_w col_align_top tb_col_count_2 tb_dcre362\">\n                <div  data-lazy=\"1\" class=\"module_column sub_column col4-2 tb_i1lf363 first\">\n                    <!-- module text -->\n<div  class=\"module module-text tb_6et6877   \" data-lazy=\"1\">\n        <div  class=\"tb_text_wrap\">\n        <p>Im Iran setzen sich Familien von Todesopfern daf\u00fcr ein, dass die f\u00fcr die blutige Unterdr\u00fcckung verantwortlichen Regime-Funktion\u00e4re strafrechtlich zur Verantwortung gezogen werden. Das Teheraner Regime verfolgt die Familien wegen angeblicher &#8220;Gef\u00e4hrdung der Staatssicherheit&#8221;.<\/p>    <\/div>\n<\/div>\n<!-- \/module text -->        <\/div>\n                    <div  data-lazy=\"1\" class=\"module_column sub_column col4-2 tb_fb77363 last\">\n                    <!-- module image -->\n<div  class=\"module module-image tb_3z0d370 image-top   tf_mw\" data-lazy=\"1\">\n        <div class=\"image-wrap tf_rel tf_mw\">\n            <img decoding=\"async\" src=\"https:\/\/rechtaufleben.org\/ral\/wp-content\/uploads\/2023\/08\/Verfolgung-der-Familien-der-Todesopfer-wegen-angeblicher-Gefahrdung-der-Staatssicherheit.png\" title=\"Das iranische Regime verfolgt die Familien der Todesopfer wegen angeblicher &#8220;Gef\u00e4hrdung der Staatssicherheit&#8221;!\" alt=\"Das iranische Regime verfolgt die Familien der Todesopfer wegen angeblicher &#8220;Gef\u00e4hrdung der Staatssicherheit&#8221;!\">    \n        <\/div>\n    <!-- \/image-wrap -->\n    \n        <\/div>\n<!-- \/module image -->        <\/div>\n                    <\/div>\n        <!-- module text -->\n<div  class=\"module module-text tb_isb2177   \" data-lazy=\"1\">\n        <div  class=\"tb_text_wrap\">\n        <p>Bei der gewaltsamen Niederschlagung der B\u00fcrgerproteste gegen die Diktatur im Iran wurden im Herbst 2022 nach Angaben von Menschenrechtlern mindestens 750 Menschen von Regimetruppen get\u00f6tet. Unter den Todesopfern waren besonders viele Kinder und Jugendliche. Familienangeh\u00f6rige erinnern immer wieder mit Mahnwachen an die Get\u00f6teten und fordern Gerechtigkeit f\u00fcr die Opfer.<\/p>\n<p>Das Regime reagiert zunehmend mit Repressalien gegen die Familienangeh\u00f6rigen. Hier Beispiele:<\/p>\n<p>Am 9. Juli wurde Zahra Saeedianju (Bild) an ihrem Arbeitsplatz in Teheran festgenommen und im Evin-Gef\u00e4ngnis inhaftiert. Ihr Bruder Milad wurde am 14. November 2022 in der s\u00fcdwestiranischen Stadt Izeh w\u00e4hrend einer friedlichen Protestdemonstration von Regime-Milizen erschossen. Zahra Saeedianju wurde verhaftet, weil sie sich in der Kampagne f\u00fcr Gerechtigkeit engagiert und an Zusammenk\u00fcnften mit anderen Familienangeh\u00f6rigen von Regime-Opfern teilnimmt.<\/p>    <\/div>\n<\/div>\n<!-- \/module text -->        <\/div>\n                        <\/div>\n        <\/div>\n        <\/div>\n<!--\/themify_builder_content-->","protected":false},"excerpt":{"rendered":"<p>Im Iran setzen sich Familien von Todesopfern daf\u00fcr ein, dass die f\u00fcr die blutige Unterdr\u00fcckung verantwortlichen Regime-Funktion\u00e4re strafrechtlich zur Verantwortung gezogen werden. Das Teheraner Regime verfolgt die Familien&hellip;<\/p>\n","protected":false},"author":1,"featured_media":0,"comment_status":"open","ping_status":"closed","sticky":false,"template":"","format":"standard","meta":{"give_campaign_id":0,"footnotes":""},"categories":[64,68],"tags":[],"class_list":["post-3537","post","type-post","status-publish","format-standard","hentry","category-aktuelles","category-uncategorized"],"builder_content":"<p>Im Iran setzen sich Familien von Todesopfern daf\u00fcr ein, dass die f\u00fcr die blutige Unterdr\u00fcckung verantwortlichen Regime-Funktion\u00e4re strafrechtlich zur Verantwortung gezogen werden. Das Teheraner Regime verfolgt die Familien wegen angeblicher \"Gef\u00e4hrdung der Staatssicherheit\".<\/p>\n<img src=\"https:\/\/rechtaufleben.org\/ral\/wp-content\/uploads\/2023\/08\/Verfolgung-der-Familien-der-Todesopfer-wegen-angeblicher-Gefahrdung-der-Staatssicherheit.png\" title=\"Das iranische Regime verfolgt die Familien der Todesopfer wegen angeblicher &#8220;Gef\u00e4hrdung der Staatssicherheit&#8221;!\" alt=\"Das iranische Regime verfolgt die Familien der Todesopfer wegen angeblicher &#8220;Gef\u00e4hrdung der Staatssicherheit&#8221;!\">\n<p>Bei der gewaltsamen Niederschlagung der B\u00fcrgerproteste gegen die Diktatur im Iran wurden im Herbst 2022 nach Angaben von Menschenrechtlern mindestens 750 Menschen von Regimetruppen get\u00f6tet. Unter den Todesopfern waren besonders viele Kinder und Jugendliche. Familienangeh\u00f6rige erinnern immer wieder mit Mahnwachen an die Get\u00f6teten und fordern Gerechtigkeit f\u00fcr die Opfer.<\/p> <p>Das Regime reagiert zunehmend mit Repressalien gegen die Familienangeh\u00f6rigen. Hier Beispiele:<\/p> <p>Am 9. Juli wurde Zahra Saeedianju (Bild) an ihrem Arbeitsplatz in Teheran festgenommen und im Evin-Gef\u00e4ngnis inhaftiert. Ihr Bruder Milad wurde am 14. November 2022 in der s\u00fcdwestiranischen Stadt Izeh w\u00e4hrend einer friedlichen Protestdemonstration von Regime-Milizen erschossen. Zahra Saeedianju wurde verhaftet, weil sie sich in der Kampagne f\u00fcr Gerechtigkeit engagiert und an Zusammenk\u00fcnften mit anderen Familienangeh\u00f6rigen von Regime-Opfern teilnimmt.<\/p>","_links":{"self":[{"href":"https:\/\/rechtaufleben.org\/ral\/wp-json\/wp\/v2\/posts\/3537","targetHints":{"allow":["GET"]}}],"collection":[{"href":"https:\/\/rechtaufleben.org\/ral\/wp-json\/wp\/v2\/posts"}],"about":[{"href":"https:\/\/rechtaufleben.org\/ral\/wp-json\/wp\/v2\/types\/post"}],"author":[{"embeddable":true,"href":"https:\/\/rechtaufleben.org\/ral\/wp-json\/wp\/v2\/users\/1"}],"replies":[{"embeddable":true,"href":"https:\/\/rechtaufleben.org\/ral\/wp-json\/wp\/v2\/comments?post=3537"}],"version-history":[{"count":0,"href":"https:\/\/rechtaufleben.org\/ral\/wp-json\/wp\/v2\/posts\/3537\/revisions"}],"wp:attachment":[{"href":"https:\/\/rechtaufleben.org\/ral\/wp-json\/wp\/v2\/media?parent=3537"}],"wp:term":[{"taxonomy":"category","embeddable":true,"href":"https:\/\/rechtaufleben.org\/ral\/wp-json\/wp\/v2\/categories?post=3537"},{"taxonomy":"post_tag","embeddable":true,"href":"https:\/\/rechtaufleben.org\/ral\/wp-json\/wp\/v2\/tags?post=3537"}],"curies":[{"name":"wp","href":"https:\/\/api.w.org\/{rel}","templated":true}]}}