{"id":3557,"date":"2023-08-29T18:11:07","date_gmt":"2023-08-29T16:11:07","guid":{"rendered":"https:\/\/rechtaufleben.org\/ral\/?p=3557"},"modified":"2025-10-16T07:51:11","modified_gmt":"2025-10-16T05:51:11","slug":"10-gefangenen-darunter-sechs-belutschen-hingerichtet","status":"publish","type":"post","link":"https:\/\/rechtaufleben.org\/ral\/10-gefangenen-darunter-sechs-belutschen-hingerichtet\/","title":{"rendered":"10 Gefangenen, darunter sechs Belutschen, hingerichtet!"},"content":{"rendered":"<!--themify_builder_content-->\n<div id=\"themify_builder_content-3557\" data-postid=\"3557\" class=\"themify_builder_content themify_builder_content-3557 themify_builder tf_clear\">\n                    <div  data-lazy=\"1\" class=\"module_row themify_builder_row tb_uua1439 tb_first tf_w\">\n                        <div class=\"row_inner col_align_top tb_col_count_1 tf_box tf_rel\">\n                        <div  data-lazy=\"1\" class=\"module_column tb-column col-full tb_qwpu440 first\">\n                            <div  data-lazy=\"1\" class=\"module_subrow themify_builder_sub_row tf_w col_align_top tb_col_count_2 tb_dcre362\">\n                <div  data-lazy=\"1\" class=\"module_column sub_column col4-2 tb_i1lf363 first\">\n                    <!-- module text -->\n<div  class=\"module module-text tb_6et6877   \" data-lazy=\"1\">\n        <div  class=\"tb_text_wrap\">\n        <p>Das iranische Regime beschleunigt aus Angst vor der Wut des iranischen Volkes, das den Sturz des klerikalen Regimes fordert, die Hinrichtung von Gefangenen und schafft damit eine Atmosph\u00e4re des Grauens, um den Ausbruch von Protesten und Aufst\u00e4nden, insbesondere seitens der belutschischen Landsleute, zu verhindern\u00a0<\/p>    <\/div>\n<\/div>\n<!-- \/module text -->        <\/div>\n                    <div  data-lazy=\"1\" class=\"module_column sub_column col4-2 tb_fb77363 last\">\n                    <!-- module image -->\n<div  class=\"module module-image tb_3z0d370 image-top   tf_mw\" data-lazy=\"1\">\n        <div class=\"image-wrap tf_rel tf_mw\">\n            <img decoding=\"async\" src=\"https:\/\/rechtaufleben.org\/ral\/wp-content\/uploads\/2023\/08\/10-Gefangenen-darunter-sechs-Belutschen-wurden-hingerichtet.png\" title=\"10 Gefangenen, darunter sechs Belutschen, hingerichtet!\" alt=\"10 Gefangenen, darunter sechs Belutschen, hingerichtet!\">    \n        <\/div>\n    <!-- \/image-wrap -->\n    \n        <\/div>\n<!-- \/module image -->        <\/div>\n                    <\/div>\n                <div  data-lazy=\"1\" class=\"module_subrow themify_builder_sub_row tf_w col_align_top tb_col_count_1 tb_d4na992\">\n                <div  data-lazy=\"1\" class=\"module_column sub_column col-full tb_fp30993 first\">\n                    <!-- module text -->\n<div  class=\"module module-text tb_4cg8675   \" data-lazy=\"1\">\n        <div  class=\"tb_text_wrap\">\n        <p>\u00a0Das Regime hat am 21. August 10 Gefangene, darunter sechs belutschische Landsleute, in den Gef\u00e4ngnissen von Zahedan, Ahvaz, Qazvin, Kerman und Kahnouj erh\u00e4ngtet.<\/p>\n<p>Unter diesen befanden sich drei belutschische Gefangenen namens Abdul Samad Khadem, Ya\u2019qub Ejbari und Mohammad Anwar Barahoui sowie ein weiterer belutschischer Gefangener namens Ghanbarzehi im Zentralgef\u00e4ngnis von Zahedan, ein belutschischer Gefangener namens Rasoul Naroui im Kahnouj-Gef\u00e4ngnis und ein weiterer belutschischer Gefangener namens Saeed Rigi mit dem Gefangenen Abdul Ghafoor Toomaj im Zentralgef\u00e4ngnis Kerman, einem belutschischen Gefangenen namens Abdul Reza Qalavand im Zentralgef\u00e4ngnis Ahvaz und zwei Gefangenen namens Mehran Amiri und Jamil Abdullahzadeh im Zentralgef\u00e4ngnis Qazvin.<\/p>    <\/div>\n<\/div>\n<!-- \/module text -->        <\/div>\n                    <\/div>\n                <\/div>\n                        <\/div>\n        <\/div>\n        <\/div>\n<!--\/themify_builder_content-->","protected":false},"excerpt":{"rendered":"<p>Das iranische Regime beschleunigt aus Angst vor der Wut des iranischen Volkes, das den Sturz des klerikalen Regimes fordert, die Hinrichtung von Gefangenen und schafft damit eine Atmosph\u00e4re&hellip;<\/p>\n","protected":false},"author":1,"featured_media":0,"comment_status":"open","ping_status":"closed","sticky":false,"template":"","format":"standard","meta":{"give_campaign_id":0,"footnotes":""},"categories":[64,68],"tags":[],"class_list":["post-3557","post","type-post","status-publish","format-standard","hentry","category-aktuelles","category-uncategorized"],"builder_content":"<p>Das iranische Regime beschleunigt aus Angst vor der Wut des iranischen Volkes, das den Sturz des klerikalen Regimes fordert, die Hinrichtung von Gefangenen und schafft damit eine Atmosph\u00e4re des Grauens, um den Ausbruch von Protesten und Aufst\u00e4nden, insbesondere seitens der belutschischen Landsleute, zu verhindern\u00a0<\/p>\n<img src=\"https:\/\/rechtaufleben.org\/ral\/wp-content\/uploads\/2023\/08\/10-Gefangenen-darunter-sechs-Belutschen-wurden-hingerichtet.png\" title=\"10 Gefangenen, darunter sechs Belutschen, hingerichtet!\" alt=\"10 Gefangenen, darunter sechs Belutschen, hingerichtet!\">\n<p>\u00a0Das Regime hat am 21. August 10 Gefangene, darunter sechs belutschische Landsleute, in den Gef\u00e4ngnissen von Zahedan, Ahvaz, Qazvin, Kerman und Kahnouj erh\u00e4ngtet.<\/p> <p>Unter diesen befanden sich drei belutschische Gefangenen namens Abdul Samad Khadem, Ya\u2019qub Ejbari und Mohammad Anwar Barahoui sowie ein weiterer belutschischer Gefangener namens Ghanbarzehi im Zentralgef\u00e4ngnis von Zahedan, ein belutschischer Gefangener namens Rasoul Naroui im Kahnouj-Gef\u00e4ngnis und ein weiterer belutschischer Gefangener namens Saeed Rigi mit dem Gefangenen Abdul Ghafoor Toomaj im Zentralgef\u00e4ngnis Kerman, einem belutschischen Gefangenen namens Abdul Reza Qalavand im Zentralgef\u00e4ngnis Ahvaz und zwei Gefangenen namens Mehran Amiri und Jamil Abdullahzadeh im Zentralgef\u00e4ngnis Qazvin.<\/p>","_links":{"self":[{"href":"https:\/\/rechtaufleben.org\/ral\/wp-json\/wp\/v2\/posts\/3557","targetHints":{"allow":["GET"]}}],"collection":[{"href":"https:\/\/rechtaufleben.org\/ral\/wp-json\/wp\/v2\/posts"}],"about":[{"href":"https:\/\/rechtaufleben.org\/ral\/wp-json\/wp\/v2\/types\/post"}],"author":[{"embeddable":true,"href":"https:\/\/rechtaufleben.org\/ral\/wp-json\/wp\/v2\/users\/1"}],"replies":[{"embeddable":true,"href":"https:\/\/rechtaufleben.org\/ral\/wp-json\/wp\/v2\/comments?post=3557"}],"version-history":[{"count":0,"href":"https:\/\/rechtaufleben.org\/ral\/wp-json\/wp\/v2\/posts\/3557\/revisions"}],"wp:attachment":[{"href":"https:\/\/rechtaufleben.org\/ral\/wp-json\/wp\/v2\/media?parent=3557"}],"wp:term":[{"taxonomy":"category","embeddable":true,"href":"https:\/\/rechtaufleben.org\/ral\/wp-json\/wp\/v2\/categories?post=3557"},{"taxonomy":"post_tag","embeddable":true,"href":"https:\/\/rechtaufleben.org\/ral\/wp-json\/wp\/v2\/tags?post=3557"}],"curies":[{"name":"wp","href":"https:\/\/api.w.org\/{rel}","templated":true}]}}