{"id":361,"date":"2022-09-18T15:36:24","date_gmt":"2022-09-18T13:36:24","guid":{"rendered":"https:\/\/rechtaufleben.org\/ral\/?p=361"},"modified":"2025-10-16T10:09:46","modified_gmt":"2025-10-16T08:09:46","slug":"iran-das-schlachthaus-fur-sportler-und-nationalhelden","status":"publish","type":"post","link":"https:\/\/rechtaufleben.org\/ral\/iran-das-schlachthaus-fur-sportler-und-nationalhelden\/","title":{"rendered":"Iran: Das Schlachthaus f\u00fcr Sportler und Nationalhelden"},"content":{"rendered":"<!--themify_builder_content-->\n<div id=\"themify_builder_content-361\" data-postid=\"361\" class=\"themify_builder_content themify_builder_content-361 themify_builder tf_clear\">\n                    <div  data-lazy=\"1\" class=\"module_row themify_builder_row tb_9nxn420 tb_first tf_w\">\n                        <div class=\"row_inner col_align_top tb_col_count_1 tf_box tf_rel\">\n                        <div  data-lazy=\"1\" class=\"module_column tb-column col-full tb_7dsz420 first\">\n                    <!-- module text -->\n<div  class=\"module module-text tb_gqq6423   \" data-lazy=\"1\">\n        <div  class=\"tb_text_wrap\">\n        <p><span style=\"color: #000000;\">In der Welt gelten normalerweise Sportler als nationale Sch\u00e4tze. Aber das iranische klerikale Regime misshandelt, verhaftet und exekutiert iranische Athleten.<\/span><\/p>\n<p><span style=\"color: #000000;\">Am 9. Januar 2019 verurteilte das iranische Regime den politischen Gefangenen Mohammad Javad Vafaei Sani, einen Boxchampion, nach 2 Jahren Haft und Folter, zum Tode. Vafaie wurde nach den gro\u00dfen Aufst\u00e4nden im Jahr 2019 im Iran festgenommen und unter dem Vorwurf der Unterst\u00fctzung der f\u00fchrenden iranischen Oppositionsgruppe zum Tode verurteilt.<\/span><\/p>    <\/div>\n<\/div>\n<!-- \/module text -->        <\/div>\n                        <\/div>\n        <\/div>\n                        <div  data-lazy=\"1\" class=\"module_row themify_builder_row tb_art4115 tf_w\">\n                        <div class=\"row_inner col_align_top tb_col_count_2 tf_box tf_rel\">\n                        <div  data-lazy=\"1\" class=\"module_column tb-column col4-2 tb_4ewk115 first\">\n                    <!-- module image -->\n<div  class=\"module module-image tb_9b8v167 image-top   tf_mw\" data-lazy=\"1\">\n        <div class=\"image-wrap tf_rel tf_mw\">\n            <img decoding=\"async\" src=\"https:\/\/rechtaufleben.org\/ral\/wp-content\/uploads\/2022\/09\/Schlachthaus-fur-Sportler-1-150x150-1.jpg\" title=\"Iran: Das Schlachthaus f\u00fcr Sportler und Nationalhelden\" alt=\"Iran: Das Schlachthaus f\u00fcr Sportler und Nationalhelden\">    \n        <\/div>\n    <!-- \/image-wrap -->\n    \n        <\/div>\n<!-- \/module image -->        <\/div>\n                    <div  data-lazy=\"1\" class=\"module_column tb-column col4-2 tb_es0p115 last\">\n                    <!-- module text -->\n<div  class=\"module module-text tb_6vj0445   \" data-lazy=\"1\">\n        <div  class=\"tb_text_wrap\">\n        <p><span style=\"color: #000000;\">Am 12. September 2020 erh\u00e4ngte das iranische Regime den iranischen Wrestling-Champion, Navid Afkari, trotz internationaler Proteste gegen seine Hinrichtung.<\/span><\/p>\n<p><span style=\"color: #000000;\">Ein weiterer Wrestling-Champion, Mohsen Ghasemi, starb nach fast zwei Jahren im Koma. Ghasemi gewann 2011 eine Goldmedaille im asiatischen Wrestling in der 74-kg-Klasse. Schl\u00e4ger des Regimes schlugen ihn in einem Rehabilitationslager in Bodschnurd brutal zusammen.<\/span><\/p>    <\/div>\n<\/div>\n<!-- \/module text -->        <\/div>\n                        <\/div>\n        <\/div>\n                        <div  data-lazy=\"1\" class=\"module_row themify_builder_row tb_a5u2112 tf_w\">\n                        <div class=\"row_inner col_align_top tb_col_count_1 tf_box tf_rel\">\n                        <div  data-lazy=\"1\" class=\"module_column tb-column col-full tb_noza113 first\">\n                    <!-- module text -->\n<div  class=\"module module-text tb_4bcc883   \" data-lazy=\"1\">\n        <div  class=\"tb_text_wrap\">\n        <p><span style=\"color: #000000;\">In einem anderen Fall verurteilte das Strafgericht von Zahedan Yazdan Mirzaei, einen Goldmedaillengewinner im Wushu-Kampf zum Tode.<\/span><\/p>\n<p><span style=\"color: #000000;\">Die herrschende Theokratie im Iran hat keine Skrupel, jeden hinzurichten, den sie als Bedrohung f\u00fcr ihre Macht erachtet, und Sportler sind da keine Ausnahme. 1988 massakrierte das Regime 30.000 politische Gefangene. Unter ihnen befanden sich Foroozan Abdi, Mitglied der iranischen Frauen-Volleyballnationalmannschaft und Mahshid Razaghi, Mitglied der iranischen Fu\u00dfballnationalmannschaft.<\/span><\/p>    <\/div>\n<\/div>\n<!-- \/module text -->        <\/div>\n                        <\/div>\n        <\/div>\n        <\/div>\n<!--\/themify_builder_content-->","protected":false},"excerpt":{"rendered":"<p>In der Welt gelten normalerweise Sportler als nationale Sch\u00e4tze. Aber das iranische klerikale Regime misshandelt, verhaftet und exekutiert iranische Athleten. Am 9. Januar 2019 verurteilte das iranische Regime&hellip;<\/p>\n","protected":false},"author":1,"featured_media":0,"comment_status":"closed","ping_status":"closed","sticky":false,"template":"","format":"standard","meta":{"give_campaign_id":0,"footnotes":""},"categories":[64,68],"tags":[],"class_list":["post-361","post","type-post","status-publish","format-standard","hentry","category-aktuelles","category-uncategorized"],"builder_content":"<p>In der Welt gelten normalerweise Sportler als nationale Sch\u00e4tze. Aber das iranische klerikale Regime misshandelt, verhaftet und exekutiert iranische Athleten.<\/p> <p>Am 9. Januar 2019 verurteilte das iranische Regime den politischen Gefangenen Mohammad Javad Vafaei Sani, einen Boxchampion, nach 2 Jahren Haft und Folter, zum Tode. Vafaie wurde nach den gro\u00dfen Aufst\u00e4nden im Jahr 2019 im Iran festgenommen und unter dem Vorwurf der Unterst\u00fctzung der f\u00fchrenden iranischen Oppositionsgruppe zum Tode verurteilt.<\/p>\n<img src=\"https:\/\/rechtaufleben.org\/ral\/wp-content\/uploads\/2022\/09\/Schlachthaus-fur-Sportler-1-150x150-1.jpg\" title=\"Iran: Das Schlachthaus f\u00fcr Sportler und Nationalhelden\" alt=\"Iran: Das Schlachthaus f\u00fcr Sportler und Nationalhelden\">\n<p>Am 12. September 2020 erh\u00e4ngte das iranische Regime den iranischen Wrestling-Champion, Navid Afkari, trotz internationaler Proteste gegen seine Hinrichtung.<\/p> <p>Ein weiterer Wrestling-Champion, Mohsen Ghasemi, starb nach fast zwei Jahren im Koma. Ghasemi gewann 2011 eine Goldmedaille im asiatischen Wrestling in der 74-kg-Klasse. Schl\u00e4ger des Regimes schlugen ihn in einem Rehabilitationslager in Bodschnurd brutal zusammen.<\/p>\n<p>In einem anderen Fall verurteilte das Strafgericht von Zahedan Yazdan Mirzaei, einen Goldmedaillengewinner im Wushu-Kampf zum Tode.<\/p> <p>Die herrschende Theokratie im Iran hat keine Skrupel, jeden hinzurichten, den sie als Bedrohung f\u00fcr ihre Macht erachtet, und Sportler sind da keine Ausnahme. 1988 massakrierte das Regime 30.000 politische Gefangene. Unter ihnen befanden sich Foroozan Abdi, Mitglied der iranischen Frauen-Volleyballnationalmannschaft und Mahshid Razaghi, Mitglied der iranischen Fu\u00dfballnationalmannschaft.<\/p>","_links":{"self":[{"href":"https:\/\/rechtaufleben.org\/ral\/wp-json\/wp\/v2\/posts\/361","targetHints":{"allow":["GET"]}}],"collection":[{"href":"https:\/\/rechtaufleben.org\/ral\/wp-json\/wp\/v2\/posts"}],"about":[{"href":"https:\/\/rechtaufleben.org\/ral\/wp-json\/wp\/v2\/types\/post"}],"author":[{"embeddable":true,"href":"https:\/\/rechtaufleben.org\/ral\/wp-json\/wp\/v2\/users\/1"}],"replies":[{"embeddable":true,"href":"https:\/\/rechtaufleben.org\/ral\/wp-json\/wp\/v2\/comments?post=361"}],"version-history":[{"count":0,"href":"https:\/\/rechtaufleben.org\/ral\/wp-json\/wp\/v2\/posts\/361\/revisions"}],"wp:attachment":[{"href":"https:\/\/rechtaufleben.org\/ral\/wp-json\/wp\/v2\/media?parent=361"}],"wp:term":[{"taxonomy":"category","embeddable":true,"href":"https:\/\/rechtaufleben.org\/ral\/wp-json\/wp\/v2\/categories?post=361"},{"taxonomy":"post_tag","embeddable":true,"href":"https:\/\/rechtaufleben.org\/ral\/wp-json\/wp\/v2\/tags?post=361"}],"curies":[{"name":"wp","href":"https:\/\/api.w.org\/{rel}","templated":true}]}}