{"id":3797,"date":"2023-09-23T14:55:28","date_gmt":"2023-09-23T12:55:28","guid":{"rendered":"https:\/\/rechtaufleben.org\/ral\/?p=3797"},"modified":"2025-10-16T10:00:25","modified_gmt":"2025-10-16T08:00:25","slug":"hungerstreik-politischer-gefangener-im-iran-nach-verlegung-in-ein-anderes-gefaengnis","status":"publish","type":"post","link":"https:\/\/rechtaufleben.org\/ral\/hungerstreik-politischer-gefangener-im-iran-nach-verlegung-in-ein-anderes-gefaengnis\/","title":{"rendered":"Hungerstreik politischer Gefangener im Iran nach Verlegung in ein anderes Gef\u00e4ngnis"},"content":{"rendered":"<!--themify_builder_content-->\n<div id=\"themify_builder_content-3797\" data-postid=\"3797\" class=\"themify_builder_content themify_builder_content-3797 themify_builder tf_clear\">\n                    <div  data-lazy=\"1\" class=\"module_row themify_builder_row tb_zlrr651 tb_first tf_w\">\n                        <div class=\"row_inner col_align_top tb_col_count_1 tf_box tf_rel\">\n                        <div  data-lazy=\"1\" class=\"module_column tb-column col-full tb_3unk651 first\">\n                            <div  data-lazy=\"1\" class=\"module_subrow themify_builder_sub_row tf_w col_align_top tb_col_count_2 tb_tun1381\">\n                <div  data-lazy=\"1\" class=\"module_column sub_column col4-2 tb_2pzk381 first\">\n                    <!-- module text -->\n<div  class=\"module module-text tb_vpwt107   \" data-lazy=\"1\">\n        <div  class=\"tb_text_wrap\">\n        <p>Aufruf an die Vereinten Nationen, umgehend zu handeln, damit politische Gefangene freigelassen und ihr Leben gerettet wird.<\/p><p>Eine Gruppe politischer Gefangener, die am Morgen des Sonntag, , vom Evin Gef\u00e4ngnis in das Ghezel Hesar verlegt worden sind, sind in zwei Zellen eingesperrt, die als Quarant\u00e4ne Gebiete bezeichnet werden und warten auf die Hinrichtung. Diese Zellen sind extrem klein und geben nur begrenzt Platz zum Schlafen; sie zwingen mehrere Gefangene, bei Nacht im Flur nahe den sanit\u00e4ren Einrichtungen zu bleiben.<\/p><p>Diese Gefangenen sind im Hungerstreik, seit sie das Gef\u00e4ngnis betreten haben. Diejenigen Gefangenen, die vor ein paar Wochen direkt aus dem Gohardasht Gef\u00e4ngnis ins Ghezel Hesar verlegt worden waren, sind auch im Hungerstreik.<\/p><p>Die Gefangenen wurden am Sonntag geschlagen und bekamen Handschellen und wurden von Evin nach Ghezel Hesar gebracht. Die W\u00e4rter erlaubten ihnen nicht, ihre Habe mitzunehmen. Der pers\u00f6nliche Besitz wurde im Trakt 8 des Evin Gef\u00e4ngnisses zerst\u00f6rt oder gepl\u00fcndert.<\/p><p>Ein anderer neuer Vorfall ist, dass Arman Sanghi, ein politischer Gefangener aus Baneh, der vor drei Monaten aus dem Gef\u00e4ngnis entlassen worden war, <span class=\"Apple-converted-space\">\u00a0 <\/span>am 2. September unter verd\u00e4chtigen Umst\u00e4nden gestorben ist. Sein Leichnam wurde am Samstag in seiner Wohnung in Schiras aufgefunden. Offiziell hat das Regime seinen Tod auf Herzstillstand zur\u00fcckgef\u00fchrt, eine \u00fcbliche Erkl\u00e4rung im Falle politischen Mords, obwohl es keine Vorgeschichte einer Herzerkrankung gab vor seiner Verhaftung. Arman Sanghi wurde im Fr\u00fchjahr 2021 von Ministerium f\u00fcr Nachrichtendienste verhaftet und danach ins Kahrizak Gef\u00e4ngnis gebracht. Zuletzt war er nach der Verb\u00fc\u00dfung seiner zweij\u00e4hrigen Strafe freigelassen worden.<\/p><p>Nach einer anderen Meldung wurde Azam Gholami, ein Teilnehmer an einem Aufstand, der im Oktober 2022 verhaftet worden war, nachdem er zuvor in den 2010er Jahren politischer Gefangener gewesen war, jetzt von der Justiz des Regimes in Maschhad zu 16 Jahren Gef\u00e4ngnis verurteilt.<\/p><p>Diese Gefangenen haben Jahre an Gefangenschaft erdulden m\u00fcssen, wobei sie physischer und psychischer Folter unterworfen wurden. Auch noch in diesem Moment sind sie gr\u00f6bsten Umst\u00e4nden ohne grundlegende Einrichtungen ausgesetzt.<\/p>    <\/div>\n<\/div>\n<!-- \/module text -->        <\/div>\n                    <div  data-lazy=\"1\" class=\"module_column sub_column col4-2 tb_c7uh382 last\">\n                    <!-- module image -->\n<div  class=\"module module-image tb_yudu299 image-top   tf_mw\" data-lazy=\"1\">\n        <div class=\"image-wrap tf_rel tf_mw\">\n            <img decoding=\"async\" src=\"https:\/\/rechtaufleben.org\/ral\/wp-content\/uploads\/2023\/09\/prison-zahedan-1.jpg.webp\" title=\"Hungerstreik politischer Gefangener im Iran nach Verlegung in ein anderes Gef\u00e4ngnis\" alt=\"Hungerstreik politischer Gefangener im Iran nach Verlegung in ein anderes Gef\u00e4ngnis\">    \n        <\/div>\n    <!-- \/image-wrap -->\n    \n        <\/div>\n<!-- \/module image -->        <\/div>\n                    <\/div>\n                <\/div>\n                        <\/div>\n        <\/div>\n        <\/div>\n<!--\/themify_builder_content-->","protected":false},"excerpt":{"rendered":"<p>Aufruf an die Vereinten Nationen, umgehend zu handeln, damit politische Gefangene freigelassen und ihr Leben gerettet wird.Eine Gruppe politischer Gefangener, die am Morgen des Sonntag, , vom Evin&hellip;<\/p>\n","protected":false},"author":1,"featured_media":0,"comment_status":"open","ping_status":"closed","sticky":false,"template":"","format":"standard","meta":{"give_campaign_id":0,"footnotes":""},"categories":[64,68],"tags":[],"class_list":["post-3797","post","type-post","status-publish","format-standard","hentry","category-aktuelles","category-uncategorized"],"builder_content":"<p>Aufruf an die Vereinten Nationen, umgehend zu handeln, damit politische Gefangene freigelassen und ihr Leben gerettet wird.<\/p><p>Eine Gruppe politischer Gefangener, die am Morgen des Sonntag, , vom Evin Gef\u00e4ngnis in das Ghezel Hesar verlegt worden sind, sind in zwei Zellen eingesperrt, die als Quarant\u00e4ne Gebiete bezeichnet werden und warten auf die Hinrichtung. Diese Zellen sind extrem klein und geben nur begrenzt Platz zum Schlafen; sie zwingen mehrere Gefangene, bei Nacht im Flur nahe den sanit\u00e4ren Einrichtungen zu bleiben.<\/p><p>Diese Gefangenen sind im Hungerstreik, seit sie das Gef\u00e4ngnis betreten haben. Diejenigen Gefangenen, die vor ein paar Wochen direkt aus dem Gohardasht Gef\u00e4ngnis ins Ghezel Hesar verlegt worden waren, sind auch im Hungerstreik.<\/p><p>Die Gefangenen wurden am Sonntag geschlagen und bekamen Handschellen und wurden von Evin nach Ghezel Hesar gebracht. Die W\u00e4rter erlaubten ihnen nicht, ihre Habe mitzunehmen. Der pers\u00f6nliche Besitz wurde im Trakt 8 des Evin Gef\u00e4ngnisses zerst\u00f6rt oder gepl\u00fcndert.<\/p><p>Ein anderer neuer Vorfall ist, dass Arman Sanghi, ein politischer Gefangener aus Baneh, der vor drei Monaten aus dem Gef\u00e4ngnis entlassen worden war, \u00a0 am 2. September unter verd\u00e4chtigen Umst\u00e4nden gestorben ist. Sein Leichnam wurde am Samstag in seiner Wohnung in Schiras aufgefunden. Offiziell hat das Regime seinen Tod auf Herzstillstand zur\u00fcckgef\u00fchrt, eine \u00fcbliche Erkl\u00e4rung im Falle politischen Mords, obwohl es keine Vorgeschichte einer Herzerkrankung gab vor seiner Verhaftung. Arman Sanghi wurde im Fr\u00fchjahr 2021 von Ministerium f\u00fcr Nachrichtendienste verhaftet und danach ins Kahrizak Gef\u00e4ngnis gebracht. Zuletzt war er nach der Verb\u00fc\u00dfung seiner zweij\u00e4hrigen Strafe freigelassen worden.<\/p><p>Nach einer anderen Meldung wurde Azam Gholami, ein Teilnehmer an einem Aufstand, der im Oktober 2022 verhaftet worden war, nachdem er zuvor in den 2010er Jahren politischer Gefangener gewesen war, jetzt von der Justiz des Regimes in Maschhad zu 16 Jahren Gef\u00e4ngnis verurteilt.<\/p><p>Diese Gefangenen haben Jahre an Gefangenschaft erdulden m\u00fcssen, wobei sie physischer und psychischer Folter unterworfen wurden. Auch noch in diesem Moment sind sie gr\u00f6bsten Umst\u00e4nden ohne grundlegende Einrichtungen ausgesetzt.<\/p>\n<img src=\"https:\/\/rechtaufleben.org\/ral\/wp-content\/uploads\/2023\/09\/prison-zahedan-1.jpg.webp\" title=\"Hungerstreik politischer Gefangener im Iran nach Verlegung in ein anderes Gef\u00e4ngnis\" alt=\"Hungerstreik politischer Gefangener im Iran nach Verlegung in ein anderes Gef\u00e4ngnis\">","_links":{"self":[{"href":"https:\/\/rechtaufleben.org\/ral\/wp-json\/wp\/v2\/posts\/3797","targetHints":{"allow":["GET"]}}],"collection":[{"href":"https:\/\/rechtaufleben.org\/ral\/wp-json\/wp\/v2\/posts"}],"about":[{"href":"https:\/\/rechtaufleben.org\/ral\/wp-json\/wp\/v2\/types\/post"}],"author":[{"embeddable":true,"href":"https:\/\/rechtaufleben.org\/ral\/wp-json\/wp\/v2\/users\/1"}],"replies":[{"embeddable":true,"href":"https:\/\/rechtaufleben.org\/ral\/wp-json\/wp\/v2\/comments?post=3797"}],"version-history":[{"count":0,"href":"https:\/\/rechtaufleben.org\/ral\/wp-json\/wp\/v2\/posts\/3797\/revisions"}],"wp:attachment":[{"href":"https:\/\/rechtaufleben.org\/ral\/wp-json\/wp\/v2\/media?parent=3797"}],"wp:term":[{"taxonomy":"category","embeddable":true,"href":"https:\/\/rechtaufleben.org\/ral\/wp-json\/wp\/v2\/categories?post=3797"},{"taxonomy":"post_tag","embeddable":true,"href":"https:\/\/rechtaufleben.org\/ral\/wp-json\/wp\/v2\/tags?post=3797"}],"curies":[{"name":"wp","href":"https:\/\/api.w.org\/{rel}","templated":true}]}}