{"id":3833,"date":"2023-09-30T15:30:34","date_gmt":"2023-09-30T13:30:34","guid":{"rendered":"https:\/\/rechtaufleben.org\/ral\/?p=3833"},"modified":"2025-10-16T10:12:49","modified_gmt":"2025-10-16T08:12:49","slug":"iran-ein-jahr-nach-buergerproteste-und-repressionswelle","status":"publish","type":"post","link":"https:\/\/rechtaufleben.org\/ral\/iran-ein-jahr-nach-buergerproteste-und-repressionswelle\/","title":{"rendered":"Iran : Ein Jahr nach B\u00fcrgerproteste und Repressionswelle"},"content":{"rendered":"<p>Vereinte Nationen verurteilen Repressionen im Iran<\/p>\n\n<!--themify_builder_content-->\n<div id=\"themify_builder_content-3833\" data-postid=\"3833\" class=\"themify_builder_content themify_builder_content-3833 themify_builder tf_clear\">\n                    <div  data-lazy=\"1\" class=\"module_row themify_builder_row tb_3tt6921 tb_first tf_w\">\n                        <div class=\"row_inner col_align_top tb_col_count_1 tf_box tf_rel\">\n                        <div  data-lazy=\"1\" class=\"module_column tb-column col-full tb_kfno921 first\">\n                            <div  data-lazy=\"1\" class=\"module_subrow themify_builder_sub_row tf_w col_align_top tb_col_count_2 tb_05xu644\">\n                <div  data-lazy=\"1\" class=\"module_column sub_column col4-2 tb_47g1644 first\">\n                    <!-- module text -->\n<div  class=\"module module-text tb_jgyx674   \" data-lazy=\"1\">\n        <div  class=\"tb_text_wrap\">\n        <p><b>Die UN haben die iranischen Sicherheitsbeh\u00f6rden scharf kritisiert. Bisher ist es ihnen nicht gelungen, den Tod der Protestikone ordnungsgem\u00e4\u00df zu untersuchen.<\/b><\/p>\n<p><b>Die Vereinten Nationen haben das Vorgehen des iranischen Sicherheitsapparats am ersten Todestag der Protestikone Jina Mahsa Amini scharf verurteilt.<\/b><\/p>\n<p><b>\u201eIm vergangenen Monat haben die Beh\u00f6rden Dutzende Menschenrechtsverteidiger festgenommen, um Proteste anl\u00e4sslich des Jahrestages zu unterdr\u00fccken\u201c, hie\u00df es in einer Erkl\u00e4rung der Vereinten Nationen am Dienstag.<\/b><\/p>\n<p><b>Den Beh\u00f6rden sei es bisher nicht gelungen, eine unabh\u00e4ngige, unparteiische und transparente Untersuchung des Todes von Amini durchzuf\u00fchren, hie\u00df es.<\/b><\/p>    <\/div>\n<\/div>\n<!-- \/module text -->        <\/div>\n                    <div  data-lazy=\"1\" class=\"module_column sub_column col4-2 tb_rtm1644 last\">\n                    <!-- module image -->\n<div  class=\"module module-image tb_omrl877 image-top   tf_mw\" data-lazy=\"1\">\n        <div class=\"image-wrap tf_rel tf_mw\">\n            <img decoding=\"async\" src=\"https:\/\/rechtaufleben.org\/ral\/wp-content\/uploads\/2023\/09\/th-2.jpeg\" title=\"Iran : Ein Jahr nach B\u00fcrgerproteste und Repressionswelle\" alt=\"Iran : Ein Jahr nach B\u00fcrgerproteste und Repressionswelle\">    \n        <\/div>\n    <!-- \/image-wrap -->\n    \n        <\/div>\n<!-- \/module image -->        <\/div>\n                    <\/div>\n                <\/div>\n                        <\/div>\n        <\/div>\n        <\/div>\n<!--\/themify_builder_content-->","protected":false},"excerpt":{"rendered":"<p>Vereinte Nationen verurteilen Repressionen im Iran<\/p>\n","protected":false},"author":1,"featured_media":0,"comment_status":"open","ping_status":"closed","sticky":false,"template":"","format":"standard","meta":{"give_campaign_id":0,"footnotes":""},"categories":[64,68],"tags":[],"class_list":["post-3833","post","type-post","status-publish","format-standard","hentry","category-aktuelles","category-uncategorized"],"builder_content":"<p><b>Die UN haben die iranischen Sicherheitsbeh\u00f6rden scharf kritisiert. Bisher ist es ihnen nicht gelungen, den Tod der Protestikone ordnungsgem\u00e4\u00df zu untersuchen.<\/b><\/p> <p><b>Die Vereinten Nationen haben das Vorgehen des iranischen Sicherheitsapparats am ersten Todestag der Protestikone Jina Mahsa Amini scharf verurteilt.<\/b><\/p> <p><b>\u201eIm vergangenen Monat haben die Beh\u00f6rden Dutzende Menschenrechtsverteidiger festgenommen, um Proteste anl\u00e4sslich des Jahrestages zu unterdr\u00fccken\u201c, hie\u00df es in einer Erkl\u00e4rung der Vereinten Nationen am Dienstag.<\/b><\/p> <p><b>Den Beh\u00f6rden sei es bisher nicht gelungen, eine unabh\u00e4ngige, unparteiische und transparente Untersuchung des Todes von Amini durchzuf\u00fchren, hie\u00df es.<\/b><\/p>\n<img src=\"https:\/\/rechtaufleben.org\/ral\/wp-content\/uploads\/2023\/09\/th-2.jpeg\" title=\"Iran : Ein Jahr nach B\u00fcrgerproteste und Repressionswelle\" alt=\"Iran : Ein Jahr nach B\u00fcrgerproteste und Repressionswelle\">","_links":{"self":[{"href":"https:\/\/rechtaufleben.org\/ral\/wp-json\/wp\/v2\/posts\/3833","targetHints":{"allow":["GET"]}}],"collection":[{"href":"https:\/\/rechtaufleben.org\/ral\/wp-json\/wp\/v2\/posts"}],"about":[{"href":"https:\/\/rechtaufleben.org\/ral\/wp-json\/wp\/v2\/types\/post"}],"author":[{"embeddable":true,"href":"https:\/\/rechtaufleben.org\/ral\/wp-json\/wp\/v2\/users\/1"}],"replies":[{"embeddable":true,"href":"https:\/\/rechtaufleben.org\/ral\/wp-json\/wp\/v2\/comments?post=3833"}],"version-history":[{"count":0,"href":"https:\/\/rechtaufleben.org\/ral\/wp-json\/wp\/v2\/posts\/3833\/revisions"}],"wp:attachment":[{"href":"https:\/\/rechtaufleben.org\/ral\/wp-json\/wp\/v2\/media?parent=3833"}],"wp:term":[{"taxonomy":"category","embeddable":true,"href":"https:\/\/rechtaufleben.org\/ral\/wp-json\/wp\/v2\/categories?post=3833"},{"taxonomy":"post_tag","embeddable":true,"href":"https:\/\/rechtaufleben.org\/ral\/wp-json\/wp\/v2\/tags?post=3833"}],"curies":[{"name":"wp","href":"https:\/\/api.w.org\/{rel}","templated":true}]}}