{"id":3845,"date":"2023-09-30T15:41:59","date_gmt":"2023-09-30T13:41:59","guid":{"rendered":"https:\/\/rechtaufleben.org\/ral\/?p=3845"},"modified":"2025-10-16T08:36:59","modified_gmt":"2025-10-16T06:36:59","slug":"buergerproteste-und-repression-im-iran","status":"publish","type":"post","link":"https:\/\/rechtaufleben.org\/ral\/buergerproteste-und-repression-im-iran\/","title":{"rendered":"B\u00fcrgerproteste und Repression im Iran\u00a0"},"content":{"rendered":"<!--themify_builder_content-->\n<div id=\"themify_builder_content-3845\" data-postid=\"3845\" class=\"themify_builder_content themify_builder_content-3845 themify_builder tf_clear\">\n                    <div  data-lazy=\"1\" class=\"module_row themify_builder_row tb_0dhs909 tb_first tf_w\">\n                        <div class=\"row_inner col_align_top tb_col_count_1 tf_box tf_rel\">\n                        <div  data-lazy=\"1\" class=\"module_column tb-column col-full tb_i56q909 first\">\n                            <div  data-lazy=\"1\" class=\"module_subrow themify_builder_sub_row tf_w col_align_top tb_col_count_2 tb_15yv528\">\n                <div  data-lazy=\"1\" class=\"module_column sub_column col4-2 tb_796z528 first\">\n                    <!-- module text -->\n<div  class=\"module module-text tb_3k3j714   \" data-lazy=\"1\">\n        <div  class=\"tb_text_wrap\">\n        <p>Die Menschen im Iran, die sich unter Einsatz ihres Lebens gegen eine grausame Diktatur stellen, brauchen wirksame Unterst\u00fctzung und Schutz vonseiten der Weltgemeinschaft. Internationale Hilfe ist dringend notwendig, um die Repression zu stoppen.<\/p>\n<p>Am 16. September j\u00e4hrte sich der Todestag der 22-j\u00e4hrigen Iranerin Mahsa Amini zum ersten Mal. Ihre Ermordung durch die Sittenpolizei des Regimes hatte im September 2022 im ganzen Iran Demonstrationen f\u00fcr Freiheit und Menschenrechte ausgel\u00f6st. Es war die bisher gr\u00f6\u00dfte Volkserhebung gegen die Diktatur.<\/p>\n<p>Trotz brutalster Unterdr\u00fcckung konnte das Regime den Widerstand der Bev\u00f6lkerung gegen die Unrechtsherrschaft nicht ausl\u00f6schen.<span class=\"Apple-converted-space\">\u00a0<\/span><\/p>\n<p>Der Todestag von Mahsa Amini wurde von Menschen im ganzen Iran zum Anlass genommen, um ihre Proteste gegen das Regime wieder aufzunehmen und mit Mahnwachen und Gedenkveranstaltungen an die Opfer der Regime-Gewalt zu erinnern.<\/p>    <\/div>\n<\/div>\n<!-- \/module text -->        <\/div>\n                    <div  data-lazy=\"1\" class=\"module_column sub_column col4-2 tb_rgl2528 last\">\n                    <!-- module image -->\n<div  class=\"module module-image tb_kf1p615 image-top   tf_mw\" data-lazy=\"1\">\n        <div class=\"image-wrap tf_rel tf_mw\">\n            <img decoding=\"async\" src=\"https:\/\/rechtaufleben.org\/ral\/wp-content\/uploads\/2023\/09\/th-3.jpeg\" title=\"B\u00fcrgerproteste und Repression im Iran\u00a0\" alt=\"B\u00fcrgerproteste und Repression im Iran\u00a0\">    \n        <\/div>\n    <!-- \/image-wrap -->\n    \n        <\/div>\n<!-- \/module image -->        <\/div>\n                    <\/div>\n                <\/div>\n                        <\/div>\n        <\/div>\n        <\/div>\n<!--\/themify_builder_content-->","protected":false},"excerpt":{"rendered":"<p>Die Menschen im Iran, die sich unter Einsatz ihres Lebens gegen eine grausame Diktatur stellen, brauchen wirksame Unterst\u00fctzung und Schutz vonseiten der Weltgemeinschaft. Internationale Hilfe ist dringend notwendig,&hellip;<\/p>\n","protected":false},"author":1,"featured_media":0,"comment_status":"open","ping_status":"closed","sticky":false,"template":"","format":"standard","meta":{"give_campaign_id":0,"footnotes":""},"categories":[64,68],"tags":[],"class_list":["post-3845","post","type-post","status-publish","format-standard","hentry","category-aktuelles","category-uncategorized"],"builder_content":"<p>Die Menschen im Iran, die sich unter Einsatz ihres Lebens gegen eine grausame Diktatur stellen, brauchen wirksame Unterst\u00fctzung und Schutz vonseiten der Weltgemeinschaft. Internationale Hilfe ist dringend notwendig, um die Repression zu stoppen.<\/p> <p>Am 16. September j\u00e4hrte sich der Todestag der 22-j\u00e4hrigen Iranerin Mahsa Amini zum ersten Mal. Ihre Ermordung durch die Sittenpolizei des Regimes hatte im September 2022 im ganzen Iran Demonstrationen f\u00fcr Freiheit und Menschenrechte ausgel\u00f6st. Es war die bisher gr\u00f6\u00dfte Volkserhebung gegen die Diktatur.<\/p> <p>Trotz brutalster Unterdr\u00fcckung konnte das Regime den Widerstand der Bev\u00f6lkerung gegen die Unrechtsherrschaft nicht ausl\u00f6schen.\u00a0<\/p> <p>Der Todestag von Mahsa Amini wurde von Menschen im ganzen Iran zum Anlass genommen, um ihre Proteste gegen das Regime wieder aufzunehmen und mit Mahnwachen und Gedenkveranstaltungen an die Opfer der Regime-Gewalt zu erinnern.<\/p>\n<img src=\"https:\/\/rechtaufleben.org\/ral\/wp-content\/uploads\/2023\/09\/th-3.jpeg\" title=\"B\u00fcrgerproteste und Repression im Iran\u00a0\" alt=\"B\u00fcrgerproteste und Repression im Iran\u00a0\">","_links":{"self":[{"href":"https:\/\/rechtaufleben.org\/ral\/wp-json\/wp\/v2\/posts\/3845","targetHints":{"allow":["GET"]}}],"collection":[{"href":"https:\/\/rechtaufleben.org\/ral\/wp-json\/wp\/v2\/posts"}],"about":[{"href":"https:\/\/rechtaufleben.org\/ral\/wp-json\/wp\/v2\/types\/post"}],"author":[{"embeddable":true,"href":"https:\/\/rechtaufleben.org\/ral\/wp-json\/wp\/v2\/users\/1"}],"replies":[{"embeddable":true,"href":"https:\/\/rechtaufleben.org\/ral\/wp-json\/wp\/v2\/comments?post=3845"}],"version-history":[{"count":0,"href":"https:\/\/rechtaufleben.org\/ral\/wp-json\/wp\/v2\/posts\/3845\/revisions"}],"wp:attachment":[{"href":"https:\/\/rechtaufleben.org\/ral\/wp-json\/wp\/v2\/media?parent=3845"}],"wp:term":[{"taxonomy":"category","embeddable":true,"href":"https:\/\/rechtaufleben.org\/ral\/wp-json\/wp\/v2\/categories?post=3845"},{"taxonomy":"post_tag","embeddable":true,"href":"https:\/\/rechtaufleben.org\/ral\/wp-json\/wp\/v2\/tags?post=3845"}],"curies":[{"name":"wp","href":"https:\/\/api.w.org\/{rel}","templated":true}]}}