{"id":385,"date":"2022-09-18T16:01:56","date_gmt":"2022-09-18T14:01:56","guid":{"rendered":"https:\/\/rechtaufleben.org\/ral\/?p=385"},"modified":"2025-10-16T08:39:49","modified_gmt":"2025-10-16T06:39:49","slug":"das-teheraner-berufungsgericht-bestatigt-5-jahre-fur-ehemalige-politische-gefangene-azar-karvandi-musazadeh","status":"publish","type":"post","link":"https:\/\/rechtaufleben.org\/ral\/das-teheraner-berufungsgericht-bestatigt-5-jahre-fur-ehemalige-politische-gefangene-azar-karvandi-musazadeh\/","title":{"rendered":"Das Teheraner Berufungsgericht best\u00e4tigt 5 Jahre f\u00fcr ehemalige politische Gefangene, Azar Karvandi Musazadeh"},"content":{"rendered":"<!--themify_builder_content-->\n<div id=\"themify_builder_content-385\" data-postid=\"385\" class=\"themify_builder_content themify_builder_content-385 themify_builder tf_clear\">\n                    <div  data-lazy=\"1\" class=\"module_row themify_builder_row tb_gknw40 tb_first tf_w\">\n                        <div class=\"row_inner col_align_top tb_col_count_1 tf_box tf_rel\">\n                        <div  data-lazy=\"1\" class=\"module_column tb-column col-full tb_uhum40 first\">\n                    <!-- module text -->\n<div  class=\"module module-text tb_onhx282   \" data-lazy=\"1\">\n        <div  class=\"tb_text_wrap\">\n        <p><span style=\"color: #000000;\">Das Teheraner Berufungsgericht best\u00e4tigte eine f\u00fcnfj\u00e4hrige Haftstrafe f\u00fcr Azar Karvandi Musazadeh. Azar Karvandi Musazadeh wurde der \u201eKooperation und Versammlung gegen die nationale Sicherheit\u201c durch Zusammenarbeit mit der oppositionellen Organisation der Volksmudschahedin des Iran (PMOI\/MEK) angeklagt.<\/span><\/p>    <\/div>\n<\/div>\n<!-- \/module text -->        <\/div>\n                        <\/div>\n        <\/div>\n                        <div  data-lazy=\"1\" class=\"module_row themify_builder_row tb_waxz866 tf_w\">\n                        <div class=\"row_inner col_align_top tb_col_count_2 tf_box tf_rel\">\n                        <div  data-lazy=\"1\" class=\"module_column tb-column col4-2 tb_f2tw867 first\">\n                    <!-- module image -->\n<div  class=\"module module-image tb_rrqu610 image-top   tf_mw\" data-lazy=\"1\">\n        <div class=\"image-wrap tf_rel tf_mw\">\n            <img decoding=\"async\" src=\"https:\/\/rechtaufleben.org\/ral\/wp-content\/uploads\/2022\/09\/Azar-Karvandi-1-1.jpg\" title=\"Das Teheraner Berufungsgericht best\u00e4tigt 5 Jahre f\u00fcr ehemalige politische Gefangene, Azar Karvandi Musazadeh\" alt=\"Das Teheraner Berufungsgericht best\u00e4tigt 5 Jahre f\u00fcr ehemalige politische Gefangene, Azar Karvandi Musazadeh\">    \n        <\/div>\n    <!-- \/image-wrap -->\n    \n        <\/div>\n<!-- \/module image -->        <\/div>\n                    <div  data-lazy=\"1\" class=\"module_column tb-column col4-2 tb_8at3867 last\">\n                    <!-- module text -->\n<div  class=\"module module-text tb_e49v612   \" data-lazy=\"1\">\n        <div  class=\"tb_text_wrap\">\n        <p><span style=\"color: #000000;\">Das Revolutionsgericht von Teheran verurteilte Azar Karvandi Musazadeh und Makhsous Bukharaei jeweils zu 5 Jahren Haft. Roghieh Soltani Mirzaei wurde zu 2 Jahren Haft verurteilt und ihr privates Anwesen (ein Garten) beschlagnahmt, weil dort die angeblichen Versammlungen stattgefunden haben sollen. Es gab allerdings keine Beweise f\u00fcr die Anklagen gegen die Frauen. Sie wurden aufgrund des politischen Hintergrunds ihrer Familien verurteilt.<\/span><\/p>    <\/div>\n<\/div>\n<!-- \/module text -->        <\/div>\n                        <\/div>\n        <\/div>\n        <\/div>\n<!--\/themify_builder_content-->","protected":false},"excerpt":{"rendered":"<p>Das Teheraner Berufungsgericht best\u00e4tigte eine f\u00fcnfj\u00e4hrige Haftstrafe f\u00fcr Azar Karvandi Musazadeh. Azar Karvandi Musazadeh wurde der \u201eKooperation und Versammlung gegen die nationale Sicherheit\u201c durch Zusammenarbeit mit der oppositionellen&hellip;<\/p>\n","protected":false},"author":1,"featured_media":0,"comment_status":"open","ping_status":"closed","sticky":false,"template":"","format":"standard","meta":{"give_campaign_id":0,"footnotes":""},"categories":[64,65,68],"tags":[],"class_list":["post-385","post","type-post","status-publish","format-standard","hentry","category-aktuelles","category-frauen","category-uncategorized"],"builder_content":"<p>Das Teheraner Berufungsgericht best\u00e4tigte eine f\u00fcnfj\u00e4hrige Haftstrafe f\u00fcr Azar Karvandi Musazadeh. Azar Karvandi Musazadeh wurde der \u201eKooperation und Versammlung gegen die nationale Sicherheit\u201c durch Zusammenarbeit mit der oppositionellen Organisation der Volksmudschahedin des Iran (PMOI\/MEK) angeklagt.<\/p>\n<img src=\"https:\/\/rechtaufleben.org\/ral\/wp-content\/uploads\/2022\/09\/Azar-Karvandi-1-1.jpg\" title=\"Das Teheraner Berufungsgericht best\u00e4tigt 5 Jahre f\u00fcr ehemalige politische Gefangene, Azar Karvandi Musazadeh\" alt=\"Das Teheraner Berufungsgericht best\u00e4tigt 5 Jahre f\u00fcr ehemalige politische Gefangene, Azar Karvandi Musazadeh\">\n<p>Das Revolutionsgericht von Teheran verurteilte Azar Karvandi Musazadeh und Makhsous Bukharaei jeweils zu 5 Jahren Haft. Roghieh Soltani Mirzaei wurde zu 2 Jahren Haft verurteilt und ihr privates Anwesen (ein Garten) beschlagnahmt, weil dort die angeblichen Versammlungen stattgefunden haben sollen. Es gab allerdings keine Beweise f\u00fcr die Anklagen gegen die Frauen. Sie wurden aufgrund des politischen Hintergrunds ihrer Familien verurteilt.<\/p>","_links":{"self":[{"href":"https:\/\/rechtaufleben.org\/ral\/wp-json\/wp\/v2\/posts\/385","targetHints":{"allow":["GET"]}}],"collection":[{"href":"https:\/\/rechtaufleben.org\/ral\/wp-json\/wp\/v2\/posts"}],"about":[{"href":"https:\/\/rechtaufleben.org\/ral\/wp-json\/wp\/v2\/types\/post"}],"author":[{"embeddable":true,"href":"https:\/\/rechtaufleben.org\/ral\/wp-json\/wp\/v2\/users\/1"}],"replies":[{"embeddable":true,"href":"https:\/\/rechtaufleben.org\/ral\/wp-json\/wp\/v2\/comments?post=385"}],"version-history":[{"count":0,"href":"https:\/\/rechtaufleben.org\/ral\/wp-json\/wp\/v2\/posts\/385\/revisions"}],"wp:attachment":[{"href":"https:\/\/rechtaufleben.org\/ral\/wp-json\/wp\/v2\/media?parent=385"}],"wp:term":[{"taxonomy":"category","embeddable":true,"href":"https:\/\/rechtaufleben.org\/ral\/wp-json\/wp\/v2\/categories?post=385"},{"taxonomy":"post_tag","embeddable":true,"href":"https:\/\/rechtaufleben.org\/ral\/wp-json\/wp\/v2\/tags?post=385"}],"curies":[{"name":"wp","href":"https:\/\/api.w.org\/{rel}","templated":true}]}}