{"id":3863,"date":"2023-10-05T14:05:06","date_gmt":"2023-10-05T12:05:06","guid":{"rendered":"https:\/\/rechtaufleben.org\/ral\/?p=3863"},"modified":"2025-10-15T04:35:10","modified_gmt":"2025-10-15T02:35:10","slug":"iraniche-polizisten-sollen-einen-16-jaehrigen-armita-garawand-ins-koma-geschlagen-haben","status":"publish","type":"post","link":"https:\/\/rechtaufleben.org\/ral\/iraniche-polizisten-sollen-einen-16-jaehrigen-armita-garawand-ins-koma-geschlagen-haben\/","title":{"rendered":"Iraniche Polizisten sollen einen 16-J\u00e4hrigen  ARMITA GARAWAND ins Koma geschlagen haben"},"content":{"rendered":"<!--themify_builder_content-->\n<div id=\"themify_builder_content-3863\" data-postid=\"3863\" class=\"themify_builder_content themify_builder_content-3863 themify_builder tf_clear\">\n                    <div  data-lazy=\"1\" class=\"module_row themify_builder_row tb_k22f405 tb_first tf_w\">\n                        <div class=\"row_inner col_align_top tb_col_count_1 tf_box tf_rel\">\n                        <div  data-lazy=\"1\" class=\"module_column tb-column col-full tb_5jwc405 first\">\n                            <div  data-lazy=\"1\" class=\"module_subrow themify_builder_sub_row tf_w col_align_top tb_col_count_2 tb_omtw160\">\n                <div  data-lazy=\"1\" class=\"module_column sub_column col4-2 tb_9kfu160 first\">\n                    <!-- module text -->\n<div  class=\"module module-text tb_2uqb984   \" data-lazy=\"1\">\n        <div  class=\"tb_text_wrap\">\n        <p>Die Iranerin Armita Garawand ist erst 16 Jahre alt, muss aber jetzt um ihr junges Leben k\u00e4mpfen. Das M\u00e4dchen soll von weiblichen Beamten der islamischen Sittenpolizisten angegriffen und verhaftet worden sein, weil sie nicht das vorgeschriebene Kopftuch trug. Die Beh\u00f6rden streiten alles ab.<\/p><p>Mehr als ein Jahr nach dem Tod der jungen iranischen Kurdin Jina Amini schockiert die n\u00e4chste Wahnsinnstat religi\u00f6ser Fanatiker: Armita Garawand wurde in der U-Bahn von der Sittenpolizei ins Koma gepr\u00fcgelt. Ver\u00f6ffentlichte Aufnahmen einer \u00dcberwachungskamera zeigen, wie das bewusstlose M\u00e4dchen von anderen jungen Frauen aus einem Zug getragen und auf den Bahnsteig gelegt wird..<\/p><p>\u00dcber ein Jahr\u00a0nach dem Tod der jungen iranischen Kurdin Jina Mahsa Amini\u00a0ersch\u00fcttert eine weitere Gewalttat die sozialen Medien: Die 16-j\u00e4hrige Armita Garawand liegt seit Sonntag in Teheran im Koma. Die Jugendliche soll von weiblichen Beamten der iranischen Sittenpolizei angegriffen und verhaftet worden sein, weil sie nicht das vorgeschriebene Kopftuch trug.\u00a0<\/p><p>Ver\u00f6ffentlichte Aufnahmen einer \u00dcberwachungskamera zeigen, wie die bewusstlose Armita Garawand von anderen jungen Frauen aus einem Zug getragen und auf den Bahnsteig gelegt wird.<\/p><p><b>Eltern unter Druck gesetzt?<\/b><\/p><p>Nach Informationen der\u00a0in Norwegen ans\u00e4ssigen Menschenrechtsorganisation Hengaw wurde die Teenagerin aus Kermanshah am Morgen von Beamten in der U-Bahn-Station Shohada festgenommen und angegriffen. Dabei sei sie so schwer verletzt worden, dass sie ins Krankenhaus gebracht werden musste. Derzeit sind keine Besuche beim Opfer im Krankenhaus Fadschr erlaubt, nicht einmal durch ihre Familie, schreibt Hengaw.<\/p><p>Die Beh\u00f6rden dementieren einen Angriff: Armita Garawand sei \u00abaufgrund eines Blutdruckabfalls beim Einsteigen in die U-Bahn ohnm\u00e4chtig geworden\u00bb, hie\u00df es. Die Eltern der Jugendlichen best\u00e4tigten in einem Interview die offizielle Version, doch Menschenrechtsorganisationen bef\u00fcrchten, dass die Familie mit Druckmethoden zum Schweigen gebracht wurde. Die Regierung wolle auf jeden Fall ein m\u00f6gliches Wiederaufflammen der Proteste der letzten Monate verhindern.<\/p><p><b>Journalistin wollte Armita besuchen \u2013 festgenommen<\/b><\/p><p>Am Montag wurde die Journalistin Marjam Lotfi der oppositionellen Zeitung Shargh festgenommen, die zum Fall Armita Garawand recherchierte. Sie wurde sp\u00e4ter freigelassen.<\/p><p>Masood Dorosti, Leiter der Teheraner U-Bahn, bestritt, dass es \u00abjeglichen verbalen oder k\u00f6rperlichen Konflikt\u00bb zwischen der Sch\u00fclerin und \u00abFahrg\u00e4sten oder U-Bahn-Personal\u00bb gegeben habe. \u00abEinige Ger\u00fcchte \u00fcber einen Zusammensto\u00df mit U-Bahn-Beamten sind nicht wahr und die Aufnahmen der \u00dcberwachungskamera widerlegen diese Behauptung\u00bb, sagte Dorosti gegen\u00fcber der staatlichen Nachrichtenagentur IRNA.<\/p>    <\/div>\n<\/div>\n<!-- \/module text -->        <\/div>\n                    <div  data-lazy=\"1\" class=\"module_column sub_column col4-2 tb_5kag160 last\">\n                    <!-- module image -->\n<div  class=\"module module-image tb_phco810 image-top   tf_mw\" data-lazy=\"1\">\n        <div class=\"image-wrap tf_rel tf_mw\">\n            <img decoding=\"async\" src=\"https:\/\/rechtaufleben.org\/ral\/wp-content\/uploads\/2023\/10\/th-4.jpeg\" title=\"Iraniche Polizisten sollen einen 16-J\u00e4hrigen  ARMITA GARAWAND ins Koma geschlagen haben\" alt=\"Iraniche Polizisten sollen einen 16-J\u00e4hrigen  ARMITA GARAWAND ins Koma geschlagen haben\">    \n        <\/div>\n    <!-- \/image-wrap -->\n    \n        <\/div>\n<!-- \/module image -->        <\/div>\n                    <\/div>\n                <\/div>\n                        <\/div>\n        <\/div>\n        <\/div>\n<!--\/themify_builder_content-->","protected":false},"excerpt":{"rendered":"<p>Die Iranerin Armita Garawand ist erst 16 Jahre alt, muss aber jetzt um ihr junges Leben k\u00e4mpfen. Das M\u00e4dchen soll von weiblichen Beamten der islamischen Sittenpolizisten angegriffen und&hellip;<\/p>\n","protected":false},"author":1,"featured_media":3865,"comment_status":"open","ping_status":"closed","sticky":false,"template":"","format":"standard","meta":{"give_campaign_id":0,"footnotes":""},"categories":[65,68],"tags":[],"class_list":["post-3863","post","type-post","status-publish","format-standard","has-post-thumbnail","hentry","category-frauen","category-uncategorized"],"builder_content":"<p>Die Iranerin Armita Garawand ist erst 16 Jahre alt, muss aber jetzt um ihr junges Leben k\u00e4mpfen. Das M\u00e4dchen soll von weiblichen Beamten der islamischen Sittenpolizisten angegriffen und verhaftet worden sein, weil sie nicht das vorgeschriebene Kopftuch trug. Die Beh\u00f6rden streiten alles ab.<\/p><p>Mehr als ein Jahr nach dem Tod der jungen iranischen Kurdin Jina Amini schockiert die n\u00e4chste Wahnsinnstat religi\u00f6ser Fanatiker: Armita Garawand wurde in der U-Bahn von der Sittenpolizei ins Koma gepr\u00fcgelt. Ver\u00f6ffentlichte Aufnahmen einer \u00dcberwachungskamera zeigen, wie das bewusstlose M\u00e4dchen von anderen jungen Frauen aus einem Zug getragen und auf den Bahnsteig gelegt wird..<\/p><p>\u00dcber ein Jahr\u00a0nach dem Tod der jungen iranischen Kurdin Jina Mahsa Amini\u00a0ersch\u00fcttert eine weitere Gewalttat die sozialen Medien: Die 16-j\u00e4hrige Armita Garawand liegt seit Sonntag in Teheran im Koma. Die Jugendliche soll von weiblichen Beamten der iranischen Sittenpolizei angegriffen und verhaftet worden sein, weil sie nicht das vorgeschriebene Kopftuch trug.\u00a0<\/p><p>Ver\u00f6ffentlichte Aufnahmen einer \u00dcberwachungskamera zeigen, wie die bewusstlose Armita Garawand von anderen jungen Frauen aus einem Zug getragen und auf den Bahnsteig gelegt wird.<\/p><p><b>Eltern unter Druck gesetzt?<\/b><\/p><p>Nach Informationen der\u00a0in Norwegen ans\u00e4ssigen Menschenrechtsorganisation Hengaw wurde die Teenagerin aus Kermanshah am Morgen von Beamten in der U-Bahn-Station Shohada festgenommen und angegriffen. Dabei sei sie so schwer verletzt worden, dass sie ins Krankenhaus gebracht werden musste. Derzeit sind keine Besuche beim Opfer im Krankenhaus Fadschr erlaubt, nicht einmal durch ihre Familie, schreibt Hengaw.<\/p><p>Die Beh\u00f6rden dementieren einen Angriff: Armita Garawand sei \u00abaufgrund eines Blutdruckabfalls beim Einsteigen in die U-Bahn ohnm\u00e4chtig geworden\u00bb, hie\u00df es. Die Eltern der Jugendlichen best\u00e4tigten in einem Interview die offizielle Version, doch Menschenrechtsorganisationen bef\u00fcrchten, dass die Familie mit Druckmethoden zum Schweigen gebracht wurde. Die Regierung wolle auf jeden Fall ein m\u00f6gliches Wiederaufflammen der Proteste der letzten Monate verhindern.<\/p><p><b>Journalistin wollte Armita besuchen \u2013 festgenommen<\/b><\/p><p>Am Montag wurde die Journalistin Marjam Lotfi der oppositionellen Zeitung Shargh festgenommen, die zum Fall Armita Garawand recherchierte. Sie wurde sp\u00e4ter freigelassen.<\/p><p>Masood Dorosti, Leiter der Teheraner U-Bahn, bestritt, dass es \u00abjeglichen verbalen oder k\u00f6rperlichen Konflikt\u00bb zwischen der Sch\u00fclerin und \u00abFahrg\u00e4sten oder U-Bahn-Personal\u00bb gegeben habe. \u00abEinige Ger\u00fcchte \u00fcber einen Zusammensto\u00df mit U-Bahn-Beamten sind nicht wahr und die Aufnahmen der \u00dcberwachungskamera widerlegen diese Behauptung\u00bb, sagte Dorosti gegen\u00fcber der staatlichen Nachrichtenagentur IRNA.<\/p>\n<img src=\"https:\/\/rechtaufleben.org\/ral\/wp-content\/uploads\/2023\/10\/th-4.jpeg\" title=\"Iraniche Polizisten sollen einen 16-J\u00e4hrigen ARMITA GARAWAND ins Koma geschlagen haben\" alt=\"Iraniche Polizisten sollen einen 16-J\u00e4hrigen ARMITA GARAWAND ins Koma geschlagen haben\">","_links":{"self":[{"href":"https:\/\/rechtaufleben.org\/ral\/wp-json\/wp\/v2\/posts\/3863","targetHints":{"allow":["GET"]}}],"collection":[{"href":"https:\/\/rechtaufleben.org\/ral\/wp-json\/wp\/v2\/posts"}],"about":[{"href":"https:\/\/rechtaufleben.org\/ral\/wp-json\/wp\/v2\/types\/post"}],"author":[{"embeddable":true,"href":"https:\/\/rechtaufleben.org\/ral\/wp-json\/wp\/v2\/users\/1"}],"replies":[{"embeddable":true,"href":"https:\/\/rechtaufleben.org\/ral\/wp-json\/wp\/v2\/comments?post=3863"}],"version-history":[{"count":0,"href":"https:\/\/rechtaufleben.org\/ral\/wp-json\/wp\/v2\/posts\/3863\/revisions"}],"wp:featuredmedia":[{"embeddable":true,"href":"https:\/\/rechtaufleben.org\/ral\/wp-json\/"}],"wp:attachment":[{"href":"https:\/\/rechtaufleben.org\/ral\/wp-json\/wp\/v2\/media?parent=3863"}],"wp:term":[{"taxonomy":"category","embeddable":true,"href":"https:\/\/rechtaufleben.org\/ral\/wp-json\/wp\/v2\/categories?post=3863"},{"taxonomy":"post_tag","embeddable":true,"href":"https:\/\/rechtaufleben.org\/ral\/wp-json\/wp\/v2\/tags?post=3863"}],"curies":[{"name":"wp","href":"https:\/\/api.w.org\/{rel}","templated":true}]}}