{"id":3925,"date":"2023-10-11T03:57:29","date_gmt":"2023-10-11T01:57:29","guid":{"rendered":"https:\/\/rechtaufleben.org\/ral\/?p=3925"},"modified":"2025-10-16T09:05:47","modified_gmt":"2025-10-16T07:05:47","slug":"narges-mohammadi-%c2%b8friedensnobelpreis-fuer-iranische-aktivistin","status":"publish","type":"post","link":"https:\/\/rechtaufleben.org\/ral\/narges-mohammadi-%c2%b8friedensnobelpreis-fuer-iranische-aktivistin\/","title":{"rendered":"Narges\u00a0Mohammadi : Friedensnobelpreis f\u00fcr iranische\u00a0Aktivistin\u00a0"},"content":{"rendered":"<!--themify_builder_content-->\n<div id=\"themify_builder_content-3925\" data-postid=\"3925\" class=\"themify_builder_content themify_builder_content-3925 themify_builder tf_clear\">\n                    <div  data-lazy=\"1\" class=\"module_row themify_builder_row tb_3njl895 tb_first tf_w\">\n                        <div class=\"row_inner col_align_top tb_col_count_2 tf_box tf_rel\">\n                        <div  data-lazy=\"1\" class=\"module_column tb-column col4-2 tb_4cgd896 first\">\n                    <!-- module text -->\n<div  class=\"module module-text tb_q865177   \" data-lazy=\"1\">\n        <div  class=\"tb_text_wrap\">\n        <p>Narges Mohammadi, geboren 1972, ist eine iranische Menschenrechtsaktivistin und Vizepr\u00e4sidentin des Defenders of Human Rights Center.<span class=\"Apple-converted-space\">\u00a0<\/span><\/p><p><span class=\"Apple-converted-space\">\u00a0<\/span>Narges Mohammadi setzt sich f\u00fcr Frauen- und Menschenrechte und die Abschaffung der Todesstrafe ein.<\/p><p><span class=\"Apple-converted-space\">\u00a0<\/span>Au\u00dferdem hat sie sich der Aufkl\u00e4rung der unhaltbaren Haftbedingungen und der in Haft begangenen Verbrechen<span class=\"Apple-converted-space\">\u00a0<\/span><\/p><p>verschrieben.<\/p><p>2023 erhielt sie den Friedensnobelpreis. Die Journalistin wurde aufgrund ihrer regimekritischen Haltung mehrfach inhaftiert und sitzt seit 2021 wieder im Gef\u00e4ngnis.<\/p><p>Mohammadi wurde erstmals 1998 wegen ihrer Kritik an der iranischen Regierung verhaftet und verbrachte ein Jahr im Gef\u00e4ngnis.<\/p><p><span class=\"Apple-converted-space\">\u00a0<\/span>Im April 2010 wurde sie wegen ihrer Mitgliedschaft des DHRC vor das Islamische Revolutionsgericht geladen.<\/p><p><span class=\"Apple-converted-space\">\u00a0<\/span>Sie wurde kurzzeitig gegen eine Kaution freigelassen, aber einige Tage sp\u00e4ter erneut verhaftet und im Evin-Gef\u00e4ngnis inhaftiert.<\/p><p><span class=\"Apple-converted-space\">\u00a0<\/span>W\u00e4hrend der Haft verschlechterte sich Mohammadis Gesundheitszustand, und sie entwickelte eine epilepsie\u00e4hnliche Krankheit, die dazu f\u00fchrte, dass sie regelm\u00e4\u00dfig die Kontrolle \u00fcber ihre Muskeln verlor.<\/p><p><span class=\"Apple-converted-space\">\u00a0<\/span>Nach einem Monat wurde sie entlassen und durfte ins Krankenhaus gehen.<\/p><p>Im Juli 2011 wurde Mohammadi erneut strafrechtlich verfolgt und wegen \u201eHandelns gegen die nationale Sicherheit, Mitgliedschaft im DHRC und Propaganda gegen das Regime\u201c f\u00fcr schuldig befunden.<\/p><p><span class=\"Apple-converted-space\">\u00a0<\/span>Im September 2011 wurde sie zu einer Haftstrafe von 11 Jahren verurteilt.[6] Im M\u00e4rz 2012 wurde das Urteil von einem Berufungsgericht best\u00e4tigt, allerdings auf sechs Jahre herabgesetzt.<\/p><p><span class=\"Apple-converted-space\">\u00a0<\/span>Am 26. April 2012 wurde sie verhaftet, um ihre Strafe anzutreten<\/p>    <\/div>\n<\/div>\n<!-- \/module text -->        <\/div>\n                    <div  data-lazy=\"1\" class=\"module_column tb-column col4-2 tb_hx1p896 last\">\n                    <!-- module image -->\n<div  class=\"module module-image tb_ap03207 image-top   tf_mw\" data-lazy=\"1\">\n        <div class=\"image-wrap tf_rel tf_mw\">\n            <img decoding=\"async\" src=\"https:\/\/rechtaufleben.org\/ral\/wp-content\/uploads\/2023\/10\/th-5.jpeg\" title=\"Narges\u00a0Mohammadi : Friedensnobelpreis f\u00fcr iranische\u00a0Aktivistin\u00a0\" alt=\"Narges\u00a0Mohammadi : Friedensnobelpreis f\u00fcr iranische\u00a0Aktivistin\u00a0\">    \n        <\/div>\n    <!-- \/image-wrap -->\n    \n        <\/div>\n<!-- \/module image -->        <\/div>\n                        <\/div>\n        <\/div>\n        <\/div>\n<!--\/themify_builder_content-->","protected":false},"excerpt":{"rendered":"<p>Narges Mohammadi, geboren 1972, ist eine iranische Menschenrechtsaktivistin und Vizepr\u00e4sidentin des Defenders of Human Rights Center.\u00a0\u00a0Narges Mohammadi setzt sich f\u00fcr Frauen- und Menschenrechte und die Abschaffung der Todesstrafe&hellip;<\/p>\n","protected":false},"author":1,"featured_media":0,"comment_status":"open","ping_status":"closed","sticky":false,"template":"","format":"standard","meta":{"give_campaign_id":0,"footnotes":""},"categories":[64,65,68],"tags":[],"class_list":["post-3925","post","type-post","status-publish","format-standard","hentry","category-aktuelles","category-frauen","category-uncategorized","post_emotion_main_sad","post_emotion_sad","post_emotion_angry"],"builder_content":"<p>Narges Mohammadi, geboren 1972, ist eine iranische Menschenrechtsaktivistin und Vizepr\u00e4sidentin des Defenders of Human Rights Center.\u00a0<\/p><p>\u00a0Narges Mohammadi setzt sich f\u00fcr Frauen- und Menschenrechte und die Abschaffung der Todesstrafe ein.<\/p><p>\u00a0Au\u00dferdem hat sie sich der Aufkl\u00e4rung der unhaltbaren Haftbedingungen und der in Haft begangenen Verbrechen\u00a0<\/p><p>verschrieben.<\/p><p>2023 erhielt sie den Friedensnobelpreis. Die Journalistin wurde aufgrund ihrer regimekritischen Haltung mehrfach inhaftiert und sitzt seit 2021 wieder im Gef\u00e4ngnis.<\/p><p>Mohammadi wurde erstmals 1998 wegen ihrer Kritik an der iranischen Regierung verhaftet und verbrachte ein Jahr im Gef\u00e4ngnis.<\/p><p>\u00a0Im April 2010 wurde sie wegen ihrer Mitgliedschaft des DHRC vor das Islamische Revolutionsgericht geladen.<\/p><p>\u00a0Sie wurde kurzzeitig gegen eine Kaution freigelassen, aber einige Tage sp\u00e4ter erneut verhaftet und im Evin-Gef\u00e4ngnis inhaftiert.<\/p><p>\u00a0W\u00e4hrend der Haft verschlechterte sich Mohammadis Gesundheitszustand, und sie entwickelte eine epilepsie\u00e4hnliche Krankheit, die dazu f\u00fchrte, dass sie regelm\u00e4\u00dfig die Kontrolle \u00fcber ihre Muskeln verlor.<\/p><p>\u00a0Nach einem Monat wurde sie entlassen und durfte ins Krankenhaus gehen.<\/p><p>Im Juli 2011 wurde Mohammadi erneut strafrechtlich verfolgt und wegen \u201eHandelns gegen die nationale Sicherheit, Mitgliedschaft im DHRC und Propaganda gegen das Regime\u201c f\u00fcr schuldig befunden.<\/p><p>\u00a0Im September 2011 wurde sie zu einer Haftstrafe von 11 Jahren verurteilt.[6] Im M\u00e4rz 2012 wurde das Urteil von einem Berufungsgericht best\u00e4tigt, allerdings auf sechs Jahre herabgesetzt.<\/p><p>\u00a0Am 26. April 2012 wurde sie verhaftet, um ihre Strafe anzutreten<\/p>\n<img src=\"https:\/\/rechtaufleben.org\/ral\/wp-content\/uploads\/2023\/10\/th-5.jpeg\" title=\"Narges\u00a0Mohammadi : Friedensnobelpreis f\u00fcr iranische\u00a0Aktivistin\u00a0\" alt=\"Narges\u00a0Mohammadi : Friedensnobelpreis f\u00fcr iranische\u00a0Aktivistin\u00a0\">","_links":{"self":[{"href":"https:\/\/rechtaufleben.org\/ral\/wp-json\/wp\/v2\/posts\/3925","targetHints":{"allow":["GET"]}}],"collection":[{"href":"https:\/\/rechtaufleben.org\/ral\/wp-json\/wp\/v2\/posts"}],"about":[{"href":"https:\/\/rechtaufleben.org\/ral\/wp-json\/wp\/v2\/types\/post"}],"author":[{"embeddable":true,"href":"https:\/\/rechtaufleben.org\/ral\/wp-json\/wp\/v2\/users\/1"}],"replies":[{"embeddable":true,"href":"https:\/\/rechtaufleben.org\/ral\/wp-json\/wp\/v2\/comments?post=3925"}],"version-history":[{"count":0,"href":"https:\/\/rechtaufleben.org\/ral\/wp-json\/wp\/v2\/posts\/3925\/revisions"}],"wp:attachment":[{"href":"https:\/\/rechtaufleben.org\/ral\/wp-json\/wp\/v2\/media?parent=3925"}],"wp:term":[{"taxonomy":"category","embeddable":true,"href":"https:\/\/rechtaufleben.org\/ral\/wp-json\/wp\/v2\/categories?post=3925"},{"taxonomy":"post_tag","embeddable":true,"href":"https:\/\/rechtaufleben.org\/ral\/wp-json\/wp\/v2\/tags?post=3925"}],"curies":[{"name":"wp","href":"https:\/\/api.w.org\/{rel}","templated":true}]}}