{"id":3964,"date":"2023-10-19T04:47:01","date_gmt":"2023-10-19T02:47:01","guid":{"rendered":"https:\/\/rechtaufleben.org\/ral\/?p=3964"},"modified":"2025-10-16T10:26:10","modified_gmt":"2025-10-16T08:26:10","slug":"sofortiger-hinrichtungsstopp-fuer-alle-die-bei-den-juengsten-buergerprotesten-im-iran-inhaftiert-wurden","status":"publish","type":"post","link":"https:\/\/rechtaufleben.org\/ral\/sofortiger-hinrichtungsstopp-fuer-alle-die-bei-den-juengsten-buergerprotesten-im-iran-inhaftiert-wurden\/","title":{"rendered":"SOFORTIGER HINRICHTUNGSSTOPP F\u00dcR ALLE, DIE BEI DEN J\u00dcNGSTEN B\u00dcRGERPROTESTEN IM IRAN INHAFTIERT WURDEN"},"content":{"rendered":"<!--themify_builder_content-->\n<div id=\"themify_builder_content-3964\" data-postid=\"3964\" class=\"themify_builder_content themify_builder_content-3964 themify_builder tf_clear\">\n                    <div  data-lazy=\"1\" class=\"module_row themify_builder_row tb_6d48309 tb_first tf_w\">\n                        <div class=\"row_inner col_align_top tb_col_count_1 tf_box tf_rel\">\n                        <div  data-lazy=\"1\" class=\"module_column tb-column col-full tb_f2vs309 first\">\n                            <div  data-lazy=\"1\" class=\"module_subrow themify_builder_sub_row tf_w col_align_top tb_col_count_2 tb_ndm9631\">\n                <div  data-lazy=\"1\" class=\"module_column sub_column col4-2 tb_h9pd631 first\">\n                    <!-- module text -->\n<div  class=\"module module-text tb_zg31730   \" data-lazy=\"1\">\n        <div  class=\"tb_text_wrap\">\n        <p>W\u00e4hrend der Jahrestag der gro\u00dfen B\u00fcrgerproteste der iranischen Bev\u00f6lkerung, die im September letzten Jahres begannen, n\u00e4her r\u00fcckt, hat das im Iran herrschende diktatorische Mullah-Regime aus Angst vor der erneuten Zunahme der B\u00fcrgerproteste eine neue Welle willk\u00fcrlicher Verhaftungen von freigelassenen Gefangenen sowie ihrer Familienangeh\u00f6rigen und Angeh\u00f6rige der Todesopfer w\u00e4hrend der B\u00fcrgerproteste gestartet. In den letzten Tagen wurde eine gro\u00dfe Zahl dieser Menschen in verschiedenen St\u00e4dten des Landes in ihren H\u00e4usern oder an ihren Arbeitspl\u00e4tzen festgenommen und an unbekannte Orte verschleppt.<\/p>\n<header>\n<h4>&#8220;DIESES SCHOCKIERENDE VERBRECHEN MUSS SO SCHNELL WIE M\u00d6GLICH GESTOPPT WERDEN!&#8221;<\/h4>\n<\/header>\n<p>Und bisher gibt es noch keine Nachrichten \u00fcber ihren Verbleib. Ausserdem wurde eine grosse Zahl von Gefangenen, die seit mehr als 10 Jahren im Gef\u00e4ngnis inhaftiert sind, sowie Hunderte der Protestteilnehmer in verschiedenen St\u00e4dten Kurdistans und anderen Provinzen Irans unter verschiedenen Vorw\u00e4nden festgenommen und in das gef\u00fcrchtete Qezal-Hesar-Gef\u00e4ngnis in Karadj gebracht, wo es an den Mindestanforderungen f\u00fcr Hygiene, Ern\u00e4hrung und humane Unterbringung mangelt.<br \/><strong>Dieses Regime hat seit Anfang Januar dieses Jahres auch mehr als 500 Gefangene hingerichtet und liegt damit bisher weltweit an erster Stelle, was die Zahl der Hinrichtungen im Jahr 2023 angeht.<br \/>Dieses schockierende Verbrechen muss so schnell wie m\u00f6glich gestoppt werden.<\/strong><\/p>    <\/div>\n<\/div>\n<!-- \/module text -->        <\/div>\n                    <div  data-lazy=\"1\" class=\"module_column sub_column col4-2 tb_vi8d631 last\">\n                    <!-- module image -->\n<div  class=\"module module-image tb_so3b758 image-top   tf_mw\" data-lazy=\"1\">\n        <div class=\"image-wrap tf_rel tf_mw\">\n            <img decoding=\"async\" src=\"https:\/\/rechtaufleben.org\/ral\/wp-content\/uploads\/2023\/10\/csm_Eilaktion-Hinrichtungen_Okt-1_01_db54a05182.jpg\" title=\"SOFORTIGER HINRICHTUNGSSTOPP F\u00dcR ALLE, DIE BEI DEN J\u00dcNGSTEN B\u00dcRGERPROTESTEN IM IRAN INHAFTIERT WURDEN\" alt=\"SOFORTIGER HINRICHTUNGSSTOPP F\u00dcR ALLE, DIE BEI DEN J\u00dcNGSTEN B\u00dcRGERPROTESTEN IM IRAN INHAFTIERT WURDEN\">    \n        <\/div>\n    <!-- \/image-wrap -->\n    \n        <\/div>\n<!-- \/module image -->        <\/div>\n                    <\/div>\n                <\/div>\n                        <\/div>\n        <\/div>\n        <\/div>\n<!--\/themify_builder_content-->","protected":false},"excerpt":{"rendered":"<p>W\u00e4hrend der Jahrestag der gro\u00dfen B\u00fcrgerproteste der iranischen Bev\u00f6lkerung, die im September letzten Jahres begannen, n\u00e4her r\u00fcckt, hat das im Iran herrschende diktatorische Mullah-Regime aus Angst vor der&hellip;<\/p>\n","protected":false},"author":1,"featured_media":0,"comment_status":"open","ping_status":"closed","sticky":false,"template":"","format":"standard","meta":{"give_campaign_id":0,"footnotes":""},"categories":[64,68],"tags":[],"class_list":["post-3964","post","type-post","status-publish","format-standard","hentry","category-aktuelles","category-uncategorized"],"builder_content":"<p>W\u00e4hrend der Jahrestag der gro\u00dfen B\u00fcrgerproteste der iranischen Bev\u00f6lkerung, die im September letzten Jahres begannen, n\u00e4her r\u00fcckt, hat das im Iran herrschende diktatorische Mullah-Regime aus Angst vor der erneuten Zunahme der B\u00fcrgerproteste eine neue Welle willk\u00fcrlicher Verhaftungen von freigelassenen Gefangenen sowie ihrer Familienangeh\u00f6rigen und Angeh\u00f6rige der Todesopfer w\u00e4hrend der B\u00fcrgerproteste gestartet. In den letzten Tagen wurde eine gro\u00dfe Zahl dieser Menschen in verschiedenen St\u00e4dten des Landes in ihren H\u00e4usern oder an ihren Arbeitspl\u00e4tzen festgenommen und an unbekannte Orte verschleppt.<\/p> <header> <h4>\"DIESES SCHOCKIERENDE VERBRECHEN MUSS SO SCHNELL WIE M\u00d6GLICH GESTOPPT WERDEN!\"<\/h4> <\/header> <p>Und bisher gibt es noch keine Nachrichten \u00fcber ihren Verbleib. Ausserdem wurde eine grosse Zahl von Gefangenen, die seit mehr als 10 Jahren im Gef\u00e4ngnis inhaftiert sind, sowie Hunderte der Protestteilnehmer in verschiedenen St\u00e4dten Kurdistans und anderen Provinzen Irans unter verschiedenen Vorw\u00e4nden festgenommen und in das gef\u00fcrchtete Qezal-Hesar-Gef\u00e4ngnis in Karadj gebracht, wo es an den Mindestanforderungen f\u00fcr Hygiene, Ern\u00e4hrung und humane Unterbringung mangelt.<br \/><strong>Dieses Regime hat seit Anfang Januar dieses Jahres auch mehr als 500 Gefangene hingerichtet und liegt damit bisher weltweit an erster Stelle, was die Zahl der Hinrichtungen im Jahr 2023 angeht.<br \/>Dieses schockierende Verbrechen muss so schnell wie m\u00f6glich gestoppt werden.<\/strong><\/p>\n<img src=\"https:\/\/rechtaufleben.org\/ral\/wp-content\/uploads\/2023\/10\/csm_Eilaktion-Hinrichtungen_Okt-1_01_db54a05182.jpg\" title=\"SOFORTIGER HINRICHTUNGSSTOPP F\u00dcR ALLE, DIE BEI DEN J\u00dcNGSTEN B\u00dcRGERPROTESTEN IM IRAN INHAFTIERT WURDEN\" alt=\"SOFORTIGER HINRICHTUNGSSTOPP F\u00dcR ALLE, DIE BEI DEN J\u00dcNGSTEN B\u00dcRGERPROTESTEN IM IRAN INHAFTIERT WURDEN\">","_links":{"self":[{"href":"https:\/\/rechtaufleben.org\/ral\/wp-json\/wp\/v2\/posts\/3964","targetHints":{"allow":["GET"]}}],"collection":[{"href":"https:\/\/rechtaufleben.org\/ral\/wp-json\/wp\/v2\/posts"}],"about":[{"href":"https:\/\/rechtaufleben.org\/ral\/wp-json\/wp\/v2\/types\/post"}],"author":[{"embeddable":true,"href":"https:\/\/rechtaufleben.org\/ral\/wp-json\/wp\/v2\/users\/1"}],"replies":[{"embeddable":true,"href":"https:\/\/rechtaufleben.org\/ral\/wp-json\/wp\/v2\/comments?post=3964"}],"version-history":[{"count":0,"href":"https:\/\/rechtaufleben.org\/ral\/wp-json\/wp\/v2\/posts\/3964\/revisions"}],"wp:attachment":[{"href":"https:\/\/rechtaufleben.org\/ral\/wp-json\/wp\/v2\/media?parent=3964"}],"wp:term":[{"taxonomy":"category","embeddable":true,"href":"https:\/\/rechtaufleben.org\/ral\/wp-json\/wp\/v2\/categories?post=3964"},{"taxonomy":"post_tag","embeddable":true,"href":"https:\/\/rechtaufleben.org\/ral\/wp-json\/wp\/v2\/tags?post=3964"}],"curies":[{"name":"wp","href":"https:\/\/api.w.org\/{rel}","templated":true}]}}