{"id":401,"date":"2022-09-18T16:15:12","date_gmt":"2022-09-18T14:15:12","guid":{"rendered":"https:\/\/rechtaufleben.org\/ral\/?p=401"},"modified":"2022-09-18T16:15:12","modified_gmt":"2022-09-18T14:15:12","slug":"das-verbrechen-aktivistin-zu-sein-5-frauen-im-iran-inhaftiert","status":"publish","type":"post","link":"https:\/\/rechtaufleben.org\/ral\/das-verbrechen-aktivistin-zu-sein-5-frauen-im-iran-inhaftiert\/","title":{"rendered":"Das Verbrechen, Aktivistin zu sein: 5 Frauen im Iran inhaftiert"},"content":{"rendered":"\n<p>Raha Asgarizadeh, eine Journalistin, Fotografin und Frauenrechtlerin, trat am Samstag, dem 3. September 2022 ihre zweij\u00e4hrige Haftstrafe im Evin-Gef\u00e4ngnis an. Sie war am 1. September 2022 in die Staatsanwaltschaft des Evin-Gef\u00e4ngnisses vorgeladen worden, um ihre Strafe anzutreten.<\/p>\n\n\n\n<p>Sie wurde am 12. Dezember 2019 auf dem internationalen Flughafen von Teheran festgenommen, als sie den Iran verlassen wollte. Die Abteilung 15 des Teheraner Revolutionsgerichts verurteilte Raha Asgarizadeh unter dem Vorwurf der \u201eVerletzung der nationalen Sicherheit\u201c durch \u201eVersammlung und geheime Absprachen\u201c zu 2 Jahren Gef\u00e4ngnis, 2 Jahren Verbot von Aktivit\u00e4ten in der Presse, im Internet, in politischen Gruppen und Parteien sowie zu einem zweij\u00e4hrigen Ausreiseverbot. Das Revisionsgericht best\u00e4tigte sp\u00e4ter das Urteil.<\/p>\n\n\n<!-- wp:themify-builder\/canvas \/-->\n\n<!--themify_builder_static--><!--\/themify_builder_static-->","protected":false},"excerpt":{"rendered":"<p>Raha Asgarizadeh, eine Journalistin, Fotografin und Frauenrechtlerin, trat am Samstag, dem 3. September 2022 ihre zweij\u00e4hrige Haftstrafe im Evin-Gef\u00e4ngnis an. Sie war am 1. September 2022 in die&hellip;<\/p>\n","protected":false},"author":1,"featured_media":0,"comment_status":"open","ping_status":"closed","sticky":false,"template":"","format":"standard","meta":{"give_campaign_id":0,"footnotes":""},"categories":[64,65,68],"tags":[],"class_list":["post-401","post","type-post","status-publish","format-standard","hentry","category-aktuelles","category-frauen","category-uncategorized"],"builder_content":"","_links":{"self":[{"href":"https:\/\/rechtaufleben.org\/ral\/wp-json\/wp\/v2\/posts\/401","targetHints":{"allow":["GET"]}}],"collection":[{"href":"https:\/\/rechtaufleben.org\/ral\/wp-json\/wp\/v2\/posts"}],"about":[{"href":"https:\/\/rechtaufleben.org\/ral\/wp-json\/wp\/v2\/types\/post"}],"author":[{"embeddable":true,"href":"https:\/\/rechtaufleben.org\/ral\/wp-json\/wp\/v2\/users\/1"}],"replies":[{"embeddable":true,"href":"https:\/\/rechtaufleben.org\/ral\/wp-json\/wp\/v2\/comments?post=401"}],"version-history":[{"count":0,"href":"https:\/\/rechtaufleben.org\/ral\/wp-json\/wp\/v2\/posts\/401\/revisions"}],"wp:attachment":[{"href":"https:\/\/rechtaufleben.org\/ral\/wp-json\/wp\/v2\/media?parent=401"}],"wp:term":[{"taxonomy":"category","embeddable":true,"href":"https:\/\/rechtaufleben.org\/ral\/wp-json\/wp\/v2\/categories?post=401"},{"taxonomy":"post_tag","embeddable":true,"href":"https:\/\/rechtaufleben.org\/ral\/wp-json\/wp\/v2\/tags?post=401"}],"curies":[{"name":"wp","href":"https:\/\/api.w.org\/{rel}","templated":true}]}}