{"id":405,"date":"2022-09-18T16:17:55","date_gmt":"2022-09-18T14:17:55","guid":{"rendered":"https:\/\/rechtaufleben.org\/ral\/?p=405"},"modified":"2022-09-18T16:17:55","modified_gmt":"2022-09-18T14:17:55","slug":"kurdische-aktivistin-marzieh-moradveisi-wurde-ins-gefangnis-gesteckt","status":"publish","type":"post","link":"https:\/\/rechtaufleben.org\/ral\/kurdische-aktivistin-marzieh-moradveisi-wurde-ins-gefangnis-gesteckt\/","title":{"rendered":"kurdische Aktivistin, Marzieh Moradveisi, wurde ins Gef\u00e4ngnis gesteckt"},"content":{"rendered":"\n<p>Marzieh Moradveisi, eine kurdische Aktivistin, wurde in das Justizvollzugszentrum von Sanandaj verlegt, wo sie eine zweij\u00e4hrige Haftstrafe verb\u00fc\u00dfen muss. Das Revolutionsgericht von Sanandaj verurteilte Marzieh Moradveisi am 19. Mai 2022 wegen \u201ePropaganda gegen den Staat\u201c und \u201eKollaboration mit einer kurdischen Partei\u201c. Marzieh wurde am Mittwoch, dem 31. August 2022, festgenommen, nachdem sie vom Revolutionsgericht von Sanandaj vorgeladen und in das Justizvollzugszentrum der Stadt gebracht worden war.<\/p>\n\n\n<!-- wp:themify-builder\/canvas \/-->\n\n<!--themify_builder_static--><!--\/themify_builder_static-->","protected":false},"excerpt":{"rendered":"<p>Marzieh Moradveisi, eine kurdische Aktivistin, wurde in das Justizvollzugszentrum von Sanandaj verlegt, wo sie eine zweij\u00e4hrige Haftstrafe verb\u00fc\u00dfen muss. Das Revolutionsgericht von Sanandaj verurteilte Marzieh Moradveisi am 19.&hellip;<\/p>\n","protected":false},"author":1,"featured_media":0,"comment_status":"open","ping_status":"closed","sticky":false,"template":"","format":"standard","meta":{"give_campaign_id":0,"footnotes":""},"categories":[64,65,68],"tags":[],"class_list":["post-405","post","type-post","status-publish","format-standard","hentry","category-aktuelles","category-frauen","category-uncategorized"],"builder_content":"","_links":{"self":[{"href":"https:\/\/rechtaufleben.org\/ral\/wp-json\/wp\/v2\/posts\/405","targetHints":{"allow":["GET"]}}],"collection":[{"href":"https:\/\/rechtaufleben.org\/ral\/wp-json\/wp\/v2\/posts"}],"about":[{"href":"https:\/\/rechtaufleben.org\/ral\/wp-json\/wp\/v2\/types\/post"}],"author":[{"embeddable":true,"href":"https:\/\/rechtaufleben.org\/ral\/wp-json\/wp\/v2\/users\/1"}],"replies":[{"embeddable":true,"href":"https:\/\/rechtaufleben.org\/ral\/wp-json\/wp\/v2\/comments?post=405"}],"version-history":[{"count":0,"href":"https:\/\/rechtaufleben.org\/ral\/wp-json\/wp\/v2\/posts\/405\/revisions"}],"wp:attachment":[{"href":"https:\/\/rechtaufleben.org\/ral\/wp-json\/wp\/v2\/media?parent=405"}],"wp:term":[{"taxonomy":"category","embeddable":true,"href":"https:\/\/rechtaufleben.org\/ral\/wp-json\/wp\/v2\/categories?post=405"},{"taxonomy":"post_tag","embeddable":true,"href":"https:\/\/rechtaufleben.org\/ral\/wp-json\/wp\/v2\/tags?post=405"}],"curies":[{"name":"wp","href":"https:\/\/api.w.org\/{rel}","templated":true}]}}