{"id":4075,"date":"2023-12-04T13:40:10","date_gmt":"2023-12-04T12:40:10","guid":{"rendered":"https:\/\/rechtaufleben.org\/ral\/?p=4075"},"modified":"2025-10-16T08:32:22","modified_gmt":"2025-10-16T06:32:22","slug":"brutale-hinrichtung-des-politischen-gefangenen","status":"publish","type":"post","link":"https:\/\/rechtaufleben.org\/ral\/brutale-hinrichtung-des-politischen-gefangenen\/","title":{"rendered":"Brutale Hinrichtung des politischen Gefangenen:\u00a031-Hinrichtungen in den letzten 9 Tagen im Iran"},"content":{"rendered":"<!--themify_builder_content-->\n<div id=\"themify_builder_content-4075\" data-postid=\"4075\" class=\"themify_builder_content themify_builder_content-4075 themify_builder tf_clear\">\n                    <div  data-lazy=\"1\" class=\"module_row themify_builder_row tb_humq4 tb_first tf_w\">\n                        <div class=\"row_inner col_align_top tb_col_count_1 tf_box tf_rel\">\n                        <div  data-lazy=\"1\" class=\"module_column tb-column col-full tb_e0n85 first\">\n                            <div  data-lazy=\"1\" class=\"module_subrow themify_builder_sub_row tf_w col_align_top tb_col_count_2 tb_qzdm507\">\n                <div  data-lazy=\"1\" class=\"module_column sub_column col4-2 tb_5k9g507 first\">\n                    <!-- module image -->\n<div  class=\"module module-image tb_l2v077 image-top   tf_mw\" data-lazy=\"1\">\n        <div class=\"image-wrap tf_rel tf_mw\">\n            <img decoding=\"async\" src=\"https:\/\/rechtaufleben.org\/ral\/wp-content\/uploads\/2023\/12\/th-6.jpeg\" title=\"Brutale Hinrichtung des politischen Gefangenen:\u00a031-Hinrichtungen in den letzten 9 Tagen im Iran\" alt=\"Brutale Hinrichtung des politischen Gefangenen:\u00a031-Hinrichtungen in den letzten 9 Tagen im Iran\">    \n        <\/div>\n    <!-- \/image-wrap -->\n    \n        <\/div>\n<!-- \/module image -->        <\/div>\n                    <div  data-lazy=\"1\" class=\"module_column sub_column col4-2 tb_x1hw507 last\">\n                    <!-- module text -->\n<div  class=\"module module-text tb_5i5q586   \" data-lazy=\"1\">\n        <div  class=\"tb_text_wrap\">\n        <p>Die kriminellen Agenten von Khamenei haben am Dienstag, dem 28. November, den politischen Gefangenen Hani Albushahbazi, einen jungen arabischer Rebellen des tapferen Volkes von Shadegan (Falahiya), unter der falschen Anschuldigung des \u201eKrieges gegen Gott\u201c im Sepidar Gef\u00e4ngnis in Ahvaz hingerichtet.<\/p><p>Hani Albushahbazi (32) wurde am 3. Dezember 2019 verhaftet und nach brutaler Folter vom Gericht des Regimes in Abadan zum Tode verurteilt, weil er den SSF-Agenten Yasser Sepidroo und den Basidsch-S\u00f6ldner Mohammad Ali Kazemi get\u00f6tet hatte.<\/p><p>Leider wurden die zwei belutschischen Landsleute Nasser Azbagzehi (Rakhshani) und Nasser Aalizehi in Zahedan hingerichtet und am 29. November wurden drei Gefangene, Morad Biranvand und Morad Garavand in Khorramabad sowie Masoud Bassak in Kashan, hingerichtet. Infolgedessen erreichte die Zahl der in den letzten neun Tagen hingerichteten Gefangenen mindestens 31.<\/p><p>Recht auf Leben e.V. , betonte im Zusammenhang mit den kriminellen Hinrichtungen, dass das Mullah-Regime aus Angst vor einem Aufstand und gleichzeitig mit seiner Kriegstreiberei in der Region die Hinrichtung von Gefangenen erh\u00f6ht habe. Khamenei versucht vergeblich, dem Feuer der Wut des Volkes zu entkommen.<\/p><p>Schweigen gegen\u00fcber dem Paten der Hinrichtung und des Massakers ist eine Ermutigung, Verbrechen gegen die Menschlichkeit fortzusetzen. Die Vereinten Nationen und die Europ\u00e4ische Union m\u00fcssen dieses Regime wegen seiner willk\u00fcrlichen Hinrichtungen aufs Sch\u00e4rfste verurteilen und dringend Ma\u00dfnahmen ergreifen, um die zum Tode verurteilten Gefangenen, insbesondere politische Gefangene, zu retten. Die Mullahs repr\u00e4sentieren nicht das iranische Volk und m\u00fcssen aus den Vereinten Nationen ausgeschlossen werden.<\/p>    <\/div>\n<\/div>\n<!-- \/module text -->        <\/div>\n                    <\/div>\n                <\/div>\n                        <\/div>\n        <\/div>\n        <\/div>\n<!--\/themify_builder_content-->","protected":false},"excerpt":{"rendered":"<p>Die kriminellen Agenten von Khamenei haben am Dienstag, dem 28. November, den politischen Gefangenen Hani Albushahbazi, einen jungen arabischer Rebellen des tapferen Volkes von Shadegan (Falahiya), unter der&hellip;<\/p>\n","protected":false},"author":1,"featured_media":0,"comment_status":"open","ping_status":"closed","sticky":false,"template":"","format":"standard","meta":{"give_campaign_id":0,"footnotes":""},"categories":[64,68],"tags":[],"class_list":["post-4075","post","type-post","status-publish","format-standard","hentry","category-aktuelles","category-uncategorized"],"builder_content":"<img src=\"https:\/\/rechtaufleben.org\/ral\/wp-content\/uploads\/2023\/12\/th-6.jpeg\" title=\"Brutale Hinrichtung des politischen Gefangenen:\u00a031-Hinrichtungen in den letzten 9 Tagen im Iran\" alt=\"Brutale Hinrichtung des politischen Gefangenen:\u00a031-Hinrichtungen in den letzten 9 Tagen im Iran\">\n<p>Die kriminellen Agenten von Khamenei haben am Dienstag, dem 28. November, den politischen Gefangenen Hani Albushahbazi, einen jungen arabischer Rebellen des tapferen Volkes von Shadegan (Falahiya), unter der falschen Anschuldigung des \u201eKrieges gegen Gott\u201c im Sepidar Gef\u00e4ngnis in Ahvaz hingerichtet.<\/p><p>Hani Albushahbazi (32) wurde am 3. Dezember 2019 verhaftet und nach brutaler Folter vom Gericht des Regimes in Abadan zum Tode verurteilt, weil er den SSF-Agenten Yasser Sepidroo und den Basidsch-S\u00f6ldner Mohammad Ali Kazemi get\u00f6tet hatte.<\/p><p>Leider wurden die zwei belutschischen Landsleute Nasser Azbagzehi (Rakhshani) und Nasser Aalizehi in Zahedan hingerichtet und am 29. November wurden drei Gefangene, Morad Biranvand und Morad Garavand in Khorramabad sowie Masoud Bassak in Kashan, hingerichtet. Infolgedessen erreichte die Zahl der in den letzten neun Tagen hingerichteten Gefangenen mindestens 31.<\/p><p>Recht auf Leben e.V. , betonte im Zusammenhang mit den kriminellen Hinrichtungen, dass das Mullah-Regime aus Angst vor einem Aufstand und gleichzeitig mit seiner Kriegstreiberei in der Region die Hinrichtung von Gefangenen erh\u00f6ht habe. Khamenei versucht vergeblich, dem Feuer der Wut des Volkes zu entkommen.<\/p><p>Schweigen gegen\u00fcber dem Paten der Hinrichtung und des Massakers ist eine Ermutigung, Verbrechen gegen die Menschlichkeit fortzusetzen. Die Vereinten Nationen und die Europ\u00e4ische Union m\u00fcssen dieses Regime wegen seiner willk\u00fcrlichen Hinrichtungen aufs Sch\u00e4rfste verurteilen und dringend Ma\u00dfnahmen ergreifen, um die zum Tode verurteilten Gefangenen, insbesondere politische Gefangene, zu retten. Die Mullahs repr\u00e4sentieren nicht das iranische Volk und m\u00fcssen aus den Vereinten Nationen ausgeschlossen werden.<\/p>","_links":{"self":[{"href":"https:\/\/rechtaufleben.org\/ral\/wp-json\/wp\/v2\/posts\/4075","targetHints":{"allow":["GET"]}}],"collection":[{"href":"https:\/\/rechtaufleben.org\/ral\/wp-json\/wp\/v2\/posts"}],"about":[{"href":"https:\/\/rechtaufleben.org\/ral\/wp-json\/wp\/v2\/types\/post"}],"author":[{"embeddable":true,"href":"https:\/\/rechtaufleben.org\/ral\/wp-json\/wp\/v2\/users\/1"}],"replies":[{"embeddable":true,"href":"https:\/\/rechtaufleben.org\/ral\/wp-json\/wp\/v2\/comments?post=4075"}],"version-history":[{"count":0,"href":"https:\/\/rechtaufleben.org\/ral\/wp-json\/wp\/v2\/posts\/4075\/revisions"}],"wp:attachment":[{"href":"https:\/\/rechtaufleben.org\/ral\/wp-json\/wp\/v2\/media?parent=4075"}],"wp:term":[{"taxonomy":"category","embeddable":true,"href":"https:\/\/rechtaufleben.org\/ral\/wp-json\/wp\/v2\/categories?post=4075"},{"taxonomy":"post_tag","embeddable":true,"href":"https:\/\/rechtaufleben.org\/ral\/wp-json\/wp\/v2\/tags?post=4075"}],"curies":[{"name":"wp","href":"https:\/\/api.w.org\/{rel}","templated":true}]}}