{"id":4120,"date":"2024-01-15T01:58:46","date_gmt":"2024-01-15T00:58:46","guid":{"rendered":"https:\/\/rechtaufleben.org\/ral\/?p=4120"},"modified":"2025-10-15T04:35:12","modified_gmt":"2025-10-15T02:35:12","slug":"recht-auf-leben-e-v-berichtet","status":"publish","type":"post","link":"https:\/\/rechtaufleben.org\/ral\/recht-auf-leben-e-v-berichtet\/","title":{"rendered":"Recht auf leben e.V. berichtet:"},"content":{"rendered":"<p><strong>Die h\u00f6chste Hinrichtungsquote der letzten acht Jahre; 34 % Prozent mehr als im vorhergehenden Jahr<\/strong>!<\/p>\n\n<!--themify_builder_content-->\n<div id=\"themify_builder_content-4120\" data-postid=\"4120\" class=\"themify_builder_content themify_builder_content-4120 themify_builder tf_clear\">\n                    <div  data-lazy=\"1\" class=\"module_row themify_builder_row tb_i472869 tb_first tf_w\">\n                        <div class=\"row_inner col_align_top tb_col_count_1 tf_box tf_rel\">\n                        <div  data-lazy=\"1\" class=\"module_column tb-column col-full tb_y7c1869 first\">\n                            <div  data-lazy=\"1\" class=\"module_subrow themify_builder_sub_row tf_w col_align_top tb_col_count_2 tb_acf9374\">\n                <div  data-lazy=\"1\" class=\"module_column sub_column col4-2 tb_rl6h374 first\">\n                    <!-- module text -->\n<div  class=\"module module-text tb_8bbh507   \" data-lazy=\"1\">\n        <div  class=\"tb_text_wrap\">\n        <p>Die Folter- und Hinrichtungsmaschinerie des Khamenei-Regimes zeigte \u064bRecht auf Leben e. V. laut Berichten der<span class=\"Apple-converted-space\">\u00a0 <\/span>im Jahre 2023 keine Pause in ihrer Brutalit\u00e4t.<\/p><p><span class=\"Apple-converted-space\">\u00a0<\/span>In diesem Jahr kam die notierte Zahl der Hinrichtungen auf mindestens 864 H\u00e4ftlinge, die h\u00f6chste Rate der vergangenen acht Jahre. Berechnet man die heimlichen Hinrichtungen mit ein, ergibt sich eine wahrscheinlich weit h\u00f6here Zahl.<\/p><p>Die Hinrichtungsrate f\u00fcr 2023 lag ann\u00e4hernd 34 Prozent h\u00f6her als die f\u00fcr 2022, als 646 Hinrichtungen verzeichnet wurden. Die Steigerung der Hinrichtungen hielt im ganzen Jahr 2023 an. \u00dcber 36 % (313 F\u00e4lle) fallen auf die drei letzten Monate des Jahres, \u2013 sie wurden gleichzeitig mit regionalen Konflikten ver\u00fcbt.<\/p><p>Die Hinrichtungswelle dauert in das neue Jahr hinein.<\/p><p><span class=\"Apple-converted-space\">\u00a0<\/span>Am 1. Januar 2024 wurden im Zentralgef\u00e4ngnis Karaj f\u00fcnf H\u00e4ftlinge hingerichtet. Der Chef der Regimejustiz in der Provinz Alborz rechtfertigte diese Hinrichtungen mit der Feststellung: \u201eF\u00fcr Menschen, die die Volkssicherheit in Gefahr bringen, gibt es keine Milde.\u201c Die wahre Absicht der unterdr\u00fcckerischen Mullahs ist keine andere als die, das b\u00f6sartige klerikale Regime vor dem Sturz zu bewahren.<\/p><p>Am 4. Januar wurden in Ardabil zwei Gefangene erh\u00e4ngt, einer in Hamedan, in den folgenden Tagen wiederum im Zentralgef\u00e4ngnis Ardabil drei weitere. Am Dienstag, dem 2. Januar berichtete das Nachrichtenorgan der Regierung IRNA von der Hinrichtung von neun H\u00e4ftlingen in Ardabil.<\/p><p>Inzwischen gingen vier politische Gefangene, die zum Tode verurteilt worden waren \u2013 sie geh\u00f6rten der sunnitischen Gemeinde im Gef\u00e4ngnis Qeselhesar an \u2013 in den sechsten Tag ihres Hungerstreiks, aus Protest gegen die Hinrichtung ihres Kameraden Davood Abdollahi. Vorher waren drei ihrer Mitgefangenen, n\u00e4mlich Davood Abdollahi, Ayub Karimi und Ghasem Abesteh von den Henkern des Regimes in demselben Gef\u00e4ngnis hingerichtet worden.<\/p><p>Menschenrechtsaktivisten<span class=\"Apple-converted-space\">\u00a0 <\/span>rufen erneut die Vereinten Nationen, zust\u00e4ndige Organisationen und die Europ\u00e4ische Union mit ihren Mitgliedstaaten auf, unverz\u00fcglich Ma\u00dfnahmen zur Beendigung der T\u00f6tungsmaschinerie der Mullahs zu ergreifen und tausenden H\u00e4ftlingen, die der Hinrichtung entgegensehen, das Leben zu retten. Abermals fordern wir den Besuch einer internationalen Delegation zur Feststellung der Vorg\u00e4nge in den iranischen Gef\u00e4ngnissen.<\/p><p><span class=\"Apple-converted-space\">\u00a0<\/span>Dieses Regime muss aus der internationalen Gemeinschaft ausgesto\u00dfen und seine F\u00fchrer, besonders Ali Khamenei, Ebraihim Raisi und Gholamhossein Ejei m\u00fcssen wegen vierzig Jahre dauernder Verbrechen gegen die Menschlichkeit und wegen V\u00f6lkermords vor Gericht gestellt werden.<\/p>    <\/div>\n<\/div>\n<!-- \/module text -->        <\/div>\n                    <div  data-lazy=\"1\" class=\"module_column sub_column col4-2 tb_5zdp374 last\">\n                    <!-- module image -->\n<div  class=\"module module-image tb_00nd421 image-top   tf_mw\" data-lazy=\"1\">\n        <div class=\"image-wrap tf_rel tf_mw\">\n            <img decoding=\"async\" src=\"https:\/\/rechtaufleben.org\/ral\/wp-content\/uploads\/2024\/01\/anjoman-2-1-1.jpg\" title=\"Recht auf leben e.V. berichtet:\" alt=\"Recht auf leben e.V. berichtet:\">    \n        <\/div>\n    <!-- \/image-wrap -->\n    \n        <\/div>\n<!-- \/module image -->        <\/div>\n                    <\/div>\n                <\/div>\n                        <\/div>\n        <\/div>\n        <\/div>\n<!--\/themify_builder_content-->","protected":false},"excerpt":{"rendered":"<p>Die h\u00f6chste Hinrichtungsquote der letzten acht Jahre; 34 % Prozent mehr als im vorhergehenden Jahr!<\/p>\n","protected":false},"author":1,"featured_media":0,"comment_status":"open","ping_status":"closed","sticky":false,"template":"","format":"standard","meta":{"give_campaign_id":0,"footnotes":""},"categories":[64,68],"tags":[],"class_list":["post-4120","post","type-post","status-publish","format-standard","hentry","category-aktuelles","category-uncategorized"],"builder_content":"<p>Die Folter- und Hinrichtungsmaschinerie des Khamenei-Regimes zeigte \u064bRecht auf Leben e. V. laut Berichten der\u00a0 im Jahre 2023 keine Pause in ihrer Brutalit\u00e4t.<\/p><p>\u00a0In diesem Jahr kam die notierte Zahl der Hinrichtungen auf mindestens 864 H\u00e4ftlinge, die h\u00f6chste Rate der vergangenen acht Jahre. Berechnet man die heimlichen Hinrichtungen mit ein, ergibt sich eine wahrscheinlich weit h\u00f6here Zahl.<\/p><p>Die Hinrichtungsrate f\u00fcr 2023 lag ann\u00e4hernd 34 Prozent h\u00f6her als die f\u00fcr 2022, als 646 Hinrichtungen verzeichnet wurden. Die Steigerung der Hinrichtungen hielt im ganzen Jahr 2023 an. \u00dcber 36 % (313 F\u00e4lle) fallen auf die drei letzten Monate des Jahres, \u2013 sie wurden gleichzeitig mit regionalen Konflikten ver\u00fcbt.<\/p><p>Die Hinrichtungswelle dauert in das neue Jahr hinein.<\/p><p>\u00a0Am 1. Januar 2024 wurden im Zentralgef\u00e4ngnis Karaj f\u00fcnf H\u00e4ftlinge hingerichtet. Der Chef der Regimejustiz in der Provinz Alborz rechtfertigte diese Hinrichtungen mit der Feststellung: \u201eF\u00fcr Menschen, die die Volkssicherheit in Gefahr bringen, gibt es keine Milde.\u201c Die wahre Absicht der unterdr\u00fcckerischen Mullahs ist keine andere als die, das b\u00f6sartige klerikale Regime vor dem Sturz zu bewahren.<\/p><p>Am 4. Januar wurden in Ardabil zwei Gefangene erh\u00e4ngt, einer in Hamedan, in den folgenden Tagen wiederum im Zentralgef\u00e4ngnis Ardabil drei weitere. Am Dienstag, dem 2. Januar berichtete das Nachrichtenorgan der Regierung IRNA von der Hinrichtung von neun H\u00e4ftlingen in Ardabil.<\/p><p>Inzwischen gingen vier politische Gefangene, die zum Tode verurteilt worden waren \u2013 sie geh\u00f6rten der sunnitischen Gemeinde im Gef\u00e4ngnis Qeselhesar an \u2013 in den sechsten Tag ihres Hungerstreiks, aus Protest gegen die Hinrichtung ihres Kameraden Davood Abdollahi. Vorher waren drei ihrer Mitgefangenen, n\u00e4mlich Davood Abdollahi, Ayub Karimi und Ghasem Abesteh von den Henkern des Regimes in demselben Gef\u00e4ngnis hingerichtet worden.<\/p><p>Menschenrechtsaktivisten\u00a0 rufen erneut die Vereinten Nationen, zust\u00e4ndige Organisationen und die Europ\u00e4ische Union mit ihren Mitgliedstaaten auf, unverz\u00fcglich Ma\u00dfnahmen zur Beendigung der T\u00f6tungsmaschinerie der Mullahs zu ergreifen und tausenden H\u00e4ftlingen, die der Hinrichtung entgegensehen, das Leben zu retten. Abermals fordern wir den Besuch einer internationalen Delegation zur Feststellung der Vorg\u00e4nge in den iranischen Gef\u00e4ngnissen.<\/p><p>\u00a0Dieses Regime muss aus der internationalen Gemeinschaft ausgesto\u00dfen und seine F\u00fchrer, besonders Ali Khamenei, Ebraihim Raisi und Gholamhossein Ejei m\u00fcssen wegen vierzig Jahre dauernder Verbrechen gegen die Menschlichkeit und wegen V\u00f6lkermords vor Gericht gestellt werden.<\/p>\n<img src=\"https:\/\/rechtaufleben.org\/ral\/wp-content\/uploads\/2024\/01\/anjoman-2-1-1.jpg\" title=\"Recht auf leben e.V. berichtet:\" alt=\"Recht auf leben e.V. berichtet:\">","_links":{"self":[{"href":"https:\/\/rechtaufleben.org\/ral\/wp-json\/wp\/v2\/posts\/4120","targetHints":{"allow":["GET"]}}],"collection":[{"href":"https:\/\/rechtaufleben.org\/ral\/wp-json\/wp\/v2\/posts"}],"about":[{"href":"https:\/\/rechtaufleben.org\/ral\/wp-json\/wp\/v2\/types\/post"}],"author":[{"embeddable":true,"href":"https:\/\/rechtaufleben.org\/ral\/wp-json\/wp\/v2\/users\/1"}],"replies":[{"embeddable":true,"href":"https:\/\/rechtaufleben.org\/ral\/wp-json\/wp\/v2\/comments?post=4120"}],"version-history":[{"count":0,"href":"https:\/\/rechtaufleben.org\/ral\/wp-json\/wp\/v2\/posts\/4120\/revisions"}],"wp:attachment":[{"href":"https:\/\/rechtaufleben.org\/ral\/wp-json\/wp\/v2\/media?parent=4120"}],"wp:term":[{"taxonomy":"category","embeddable":true,"href":"https:\/\/rechtaufleben.org\/ral\/wp-json\/wp\/v2\/categories?post=4120"},{"taxonomy":"post_tag","embeddable":true,"href":"https:\/\/rechtaufleben.org\/ral\/wp-json\/wp\/v2\/tags?post=4120"}],"curies":[{"name":"wp","href":"https:\/\/api.w.org\/{rel}","templated":true}]}}