{"id":4145,"date":"2024-01-25T12:23:40","date_gmt":"2024-01-25T11:23:40","guid":{"rendered":"https:\/\/rechtaufleben.org\/ral\/?p=4145"},"modified":"2025-10-16T09:59:58","modified_gmt":"2025-10-16T07:59:58","slug":"hinrichtung-des-gefangenen-demonstranten-ghobadlou-und-des-politischen-gefangenen-farhad-salimi-nach-14-jahren-haft","status":"publish","type":"post","link":"https:\/\/rechtaufleben.org\/ral\/hinrichtung-des-gefangenen-demonstranten-ghobadlou-und-des-politischen-gefangenen-farhad-salimi-nach-14-jahren-haft\/","title":{"rendered":"Hinrichtung des gefangenen Demonstranten Ghobadlou und des politischen Gefangenen Farhad Salimi nach 14 Jahren Haft"},"content":{"rendered":"<!--themify_builder_content-->\n<div id=\"themify_builder_content-4145\" data-postid=\"4145\" class=\"themify_builder_content themify_builder_content-4145 themify_builder tf_clear\">\n                    <div  data-lazy=\"1\" class=\"module_row themify_builder_row tb_7csn820 tb_first tf_w\">\n                        <div class=\"row_inner col_align_top tb_col_count_1 tf_box tf_rel\">\n                        <div  data-lazy=\"1\" class=\"module_column tb-column col-full tb_xqza821 first\">\n                            <div  data-lazy=\"1\" class=\"module_subrow themify_builder_sub_row tf_w col_align_top tb_col_count_2 tb_a3mm939\">\n                <div  data-lazy=\"1\" class=\"module_column sub_column col4-2 tb_v1rd939 first\">\n                    <!-- module text -->\n<div  class=\"module module-text tb_efqf635   \" data-lazy=\"1\">\n        <div  class=\"tb_text_wrap\">\n        <p>Am heutigen Dienstagmorgen, dem 23. Januar 2024 haben die Henker des Kleriker Regimes Mohammad Qobadlou, einen 23j\u00e4hrigen gefangenen Protestierer, im Qezel Hesar Gef\u00e4ngnis hingerichtet wegen des Vorwurfs, einen repressiven Agenten get\u00f6tet zu haben. In einem anderen schrecklichen Vorfall vollstreckten sie im gleichen Gef\u00e4ngnis die Erh\u00e4ngung von Farhad Salimi, einem sunnitischen politischen Gefangenen, der 14 Jahre eingekerkert war. Zur Zeit seiner Hinrichtung war er im Hungerstreik.<\/p><p>Die kriminellen Agenten der SSF Sondereinheit griffen die Familie und Zuschauer vor dem Qezel Hesar Gef\u00e4ngnis nach der Erh\u00e4ngung von Mohammad Qobadlou an und misshandelten sie. Sie vollzogen verschiedene Verhaftungen.<\/p><p>Farhad Salimi und sechs andere sunnitische B\u00fcrger waren im Dezember 2009 festgenommen und im Haftzentrum der Abteilung des Nachrichtendienstes von Urmia gefoltert worden, um falsche Gest\u00e4ndnisse von ihnen zu erzwingen.<\/p><p>Sie wurden mehrmals zum Tode verurteilt, einmal im Februar 2016 von dem ber\u00fcchtigten Richter Mohammad Moghiseh und noch einmal von einem anderen skrupellosen Richter Abolqasem Salavati unter der Anklage des \u201eHandelns gegen die nationale Sicherheit\u201c, der Ausstreuung von \u201ePropaganda gegen den Staat\u201c und der \u201eVerderbnis auf Erden\u201c. Das Oberste Gericht des Kleriker Regimes best\u00e4tigte in letzter Instanz ihre Verurteilungen im Jahr 2019.<span class=\"Apple-converted-space\">\u00a0<\/span><\/p><p>Farahd Salimi und seine sechs Mitangeklagten waren beschuldigt worden, Khameneis F\u00fchrer der Freitagsprediger in der Rashedin Kalifat Moschee in Mahabad w\u00e4hrend des Aufstandes im Dezember 2009 get\u00f6tet zu haben. Davoud Abdollahi, Ayoub Karimi und Qassem Abesteh wurden im Qezel Hesar Gef\u00e4ngnis in Karadsch jeweils am 12. Januar 2024, am 29. November 2023 und am 5. November 2023 hingerichtet. Weitere drei Mitangeklagte Anwar Khezri, Khosrow Besharat und Kamran Sheikheh verbringen noch im Todestrakt von Qezel Hesar ihre Zeit.<\/p><p>Recht auf Leben e.V. erkl\u00e4rte: \u201eDas Kleriker Regime hat mit diesen Hinrichtungen eine neue Rekordmarke der Verwilderung und des Verbrechens gesetzt. Zweifellos wird die mutige Jugend im Iran diese Handlungen des mittelalterlichen Regimes nicht unbeantwortet lassen. Die zahllosen Vorf\u00e4lle von Blutvergie\u00dfen offenbaren, dass Khamenei den Ausbruch des Zorns des iranischen Volkes wahrnimmt und dass er vergebens versucht, Aufst\u00e4nde im Keim zu ersticken. Das M\u00e4rtyrertum dieser tapferen jungen M\u00e4nner wird nur die Flammen von Aufstand und Widerstand anheizen\u201c.<\/p><p>Recht auf Leben e.V. appellierte an die Vereinten Nationen und die Europ\u00e4ische Union, sofort etwas zu unternehmen, um die T\u00f6tungsmaschinerie der Mullahs zu stoppen und das Leben von Tausenden von Gefangenen im Todestrakt, besonders politischen Gefangenen, einsitzenden Protestierern und drei anderen Angeklagten in dem Fall von Farhad zu retten. Mindestens 360 Gefangene wurden seit dem 7. Oktober hingerichtet, das hei\u00dft nach dem Beginn des Krieges, der haupts\u00e4chlich vom Kleriker Regime gef\u00f6rdert worden ist. Schweigen und Unt\u00e4tigkeit werden das Mullah Regime darin best\u00e4rken, seine Verbrechen innerhalb des Iran und im Ausland zu steigern.<\/p>    <\/div>\n<\/div>\n<!-- \/module text -->        <\/div>\n                    <div  data-lazy=\"1\" class=\"module_column sub_column col4-2 tb_vbto939 last\">\n                    <!-- module image -->\n<div  class=\"module module-image tb_1ces89 image-top   tf_mw\" data-lazy=\"1\">\n        <div class=\"image-wrap tf_rel tf_mw\">\n            <img decoding=\"async\" src=\"https:\/\/rechtaufleben.org\/ral\/wp-content\/uploads\/2024\/01\/th.jpeg\" title=\"Hinrichtung des gefangenen Demonstranten Ghobadlou und des politischen Gefangenen Farhad Salimi nach 14 Jahren Haft\" alt=\"Hinrichtung des gefangenen Demonstranten Ghobadlou und des politischen Gefangenen Farhad Salimi nach 14 Jahren Haft\">    \n        <\/div>\n    <!-- \/image-wrap -->\n    \n        <\/div>\n<!-- \/module image -->        <\/div>\n                    <\/div>\n                <\/div>\n                        <\/div>\n        <\/div>\n        <\/div>\n<!--\/themify_builder_content-->","protected":false},"excerpt":{"rendered":"<p>Am heutigen Dienstagmorgen, dem 23. Januar 2024 haben die Henker des Kleriker Regimes Mohammad Qobadlou, einen 23j\u00e4hrigen gefangenen Protestierer, im Qezel Hesar Gef\u00e4ngnis hingerichtet wegen des Vorwurfs, einen&hellip;<\/p>\n","protected":false},"author":1,"featured_media":0,"comment_status":"open","ping_status":"closed","sticky":false,"template":"","format":"standard","meta":{"give_campaign_id":0,"footnotes":""},"categories":[64,68],"tags":[],"class_list":["post-4145","post","type-post","status-publish","format-standard","hentry","category-aktuelles","category-uncategorized"],"builder_content":"<p>Am heutigen Dienstagmorgen, dem 23. Januar 2024 haben die Henker des Kleriker Regimes Mohammad Qobadlou, einen 23j\u00e4hrigen gefangenen Protestierer, im Qezel Hesar Gef\u00e4ngnis hingerichtet wegen des Vorwurfs, einen repressiven Agenten get\u00f6tet zu haben. In einem anderen schrecklichen Vorfall vollstreckten sie im gleichen Gef\u00e4ngnis die Erh\u00e4ngung von Farhad Salimi, einem sunnitischen politischen Gefangenen, der 14 Jahre eingekerkert war. Zur Zeit seiner Hinrichtung war er im Hungerstreik.<\/p><p>Die kriminellen Agenten der SSF Sondereinheit griffen die Familie und Zuschauer vor dem Qezel Hesar Gef\u00e4ngnis nach der Erh\u00e4ngung von Mohammad Qobadlou an und misshandelten sie. Sie vollzogen verschiedene Verhaftungen.<\/p><p>Farhad Salimi und sechs andere sunnitische B\u00fcrger waren im Dezember 2009 festgenommen und im Haftzentrum der Abteilung des Nachrichtendienstes von Urmia gefoltert worden, um falsche Gest\u00e4ndnisse von ihnen zu erzwingen.<\/p><p>Sie wurden mehrmals zum Tode verurteilt, einmal im Februar 2016 von dem ber\u00fcchtigten Richter Mohammad Moghiseh und noch einmal von einem anderen skrupellosen Richter Abolqasem Salavati unter der Anklage des \u201eHandelns gegen die nationale Sicherheit\u201c, der Ausstreuung von \u201ePropaganda gegen den Staat\u201c und der \u201eVerderbnis auf Erden\u201c. Das Oberste Gericht des Kleriker Regimes best\u00e4tigte in letzter Instanz ihre Verurteilungen im Jahr 2019.\u00a0<\/p><p>Farahd Salimi und seine sechs Mitangeklagten waren beschuldigt worden, Khameneis F\u00fchrer der Freitagsprediger in der Rashedin Kalifat Moschee in Mahabad w\u00e4hrend des Aufstandes im Dezember 2009 get\u00f6tet zu haben. Davoud Abdollahi, Ayoub Karimi und Qassem Abesteh wurden im Qezel Hesar Gef\u00e4ngnis in Karadsch jeweils am 12. Januar 2024, am 29. November 2023 und am 5. November 2023 hingerichtet. Weitere drei Mitangeklagte Anwar Khezri, Khosrow Besharat und Kamran Sheikheh verbringen noch im Todestrakt von Qezel Hesar ihre Zeit.<\/p><p>Recht auf Leben e.V. erkl\u00e4rte: \u201eDas Kleriker Regime hat mit diesen Hinrichtungen eine neue Rekordmarke der Verwilderung und des Verbrechens gesetzt. Zweifellos wird die mutige Jugend im Iran diese Handlungen des mittelalterlichen Regimes nicht unbeantwortet lassen. Die zahllosen Vorf\u00e4lle von Blutvergie\u00dfen offenbaren, dass Khamenei den Ausbruch des Zorns des iranischen Volkes wahrnimmt und dass er vergebens versucht, Aufst\u00e4nde im Keim zu ersticken. Das M\u00e4rtyrertum dieser tapferen jungen M\u00e4nner wird nur die Flammen von Aufstand und Widerstand anheizen\u201c.<\/p><p>Recht auf Leben e.V. appellierte an die Vereinten Nationen und die Europ\u00e4ische Union, sofort etwas zu unternehmen, um die T\u00f6tungsmaschinerie der Mullahs zu stoppen und das Leben von Tausenden von Gefangenen im Todestrakt, besonders politischen Gefangenen, einsitzenden Protestierern und drei anderen Angeklagten in dem Fall von Farhad zu retten. Mindestens 360 Gefangene wurden seit dem 7. Oktober hingerichtet, das hei\u00dft nach dem Beginn des Krieges, der haupts\u00e4chlich vom Kleriker Regime gef\u00f6rdert worden ist. Schweigen und Unt\u00e4tigkeit werden das Mullah Regime darin best\u00e4rken, seine Verbrechen innerhalb des Iran und im Ausland zu steigern.<\/p>\n<img src=\"https:\/\/rechtaufleben.org\/ral\/wp-content\/uploads\/2024\/01\/th.jpeg\" title=\"Hinrichtung des gefangenen Demonstranten Ghobadlou und des politischen Gefangenen Farhad Salimi nach 14 Jahren Haft\" alt=\"Hinrichtung des gefangenen Demonstranten Ghobadlou und des politischen Gefangenen Farhad Salimi nach 14 Jahren Haft\">","_links":{"self":[{"href":"https:\/\/rechtaufleben.org\/ral\/wp-json\/wp\/v2\/posts\/4145","targetHints":{"allow":["GET"]}}],"collection":[{"href":"https:\/\/rechtaufleben.org\/ral\/wp-json\/wp\/v2\/posts"}],"about":[{"href":"https:\/\/rechtaufleben.org\/ral\/wp-json\/wp\/v2\/types\/post"}],"author":[{"embeddable":true,"href":"https:\/\/rechtaufleben.org\/ral\/wp-json\/wp\/v2\/users\/1"}],"replies":[{"embeddable":true,"href":"https:\/\/rechtaufleben.org\/ral\/wp-json\/wp\/v2\/comments?post=4145"}],"version-history":[{"count":0,"href":"https:\/\/rechtaufleben.org\/ral\/wp-json\/wp\/v2\/posts\/4145\/revisions"}],"wp:attachment":[{"href":"https:\/\/rechtaufleben.org\/ral\/wp-json\/wp\/v2\/media?parent=4145"}],"wp:term":[{"taxonomy":"category","embeddable":true,"href":"https:\/\/rechtaufleben.org\/ral\/wp-json\/wp\/v2\/categories?post=4145"},{"taxonomy":"post_tag","embeddable":true,"href":"https:\/\/rechtaufleben.org\/ral\/wp-json\/wp\/v2\/tags?post=4145"}],"curies":[{"name":"wp","href":"https:\/\/api.w.org\/{rel}","templated":true}]}}