{"id":4160,"date":"2024-02-07T04:51:21","date_gmt":"2024-02-07T03:51:21","guid":{"rendered":"https:\/\/rechtaufleben.org\/ral\/?p=4160"},"modified":"2025-10-16T09:30:06","modified_gmt":"2025-10-16T07:30:06","slug":"entschiedene-solidaritaet-beim-protest-gegen-die-todesstrafe-im-iran","status":"publish","type":"post","link":"https:\/\/rechtaufleben.org\/ral\/entschiedene-solidaritaet-beim-protest-gegen-die-todesstrafe-im-iran\/","title":{"rendered":"Entschiedene Solidarit\u00e4t beim Protest gegen die Todesstrafe im Iran"},"content":{"rendered":"<!--themify_builder_content-->\n<div id=\"themify_builder_content-4160\" data-postid=\"4160\" class=\"themify_builder_content themify_builder_content-4160 themify_builder tf_clear\">\n                    <div  data-lazy=\"1\" class=\"module_row themify_builder_row tb_dn2c910 tb_first tf_w\">\n                        <div class=\"row_inner col_align_top tb_col_count_1 tf_box tf_rel\">\n                        <div  data-lazy=\"1\" class=\"module_column tb-column col-full tb_cy80911 first\">\n                            <div  data-lazy=\"1\" class=\"module_subrow themify_builder_sub_row tf_w col_align_top tb_col_count_2 tb_uktp410\">\n                <div  data-lazy=\"1\" class=\"module_column sub_column col4-2 tb_aaqa410 first\">\n                    <!-- module text -->\n<div  class=\"module module-text tb_8whk62   \" data-lazy=\"1\">\n        <div  class=\"tb_text_wrap\">\n        <p>Eine gr\u00f6\u00dfere Anzahl von Gefangenen \u2013 politische Gefangene sowie solche, die aufgrund ihrer Religionsangeh\u00f6rigkeit oder anl\u00e4sslich der Demonstrationen im vergangenen Jahr inhaftiert wurden \u2013 haben mit Mut und Tapferkeit und gro\u00dfen Belastungen zum Trotz einen Hungerstreik angek\u00fcndigt.<\/p>\n<p>Aus Protest gegen das Todesurteil treten die Gefangenen in mehreren Gef\u00e4ngnissen des Irans bereits seit einiger Zeit jede Woche dienstags in einen Hungerstreik. Die Zahl der Streikenden w\u00e4chst t\u00e4glich.<\/p>\n<p>Wie uns gestern mitgeteilt wurde, k\u00fcndigte nun eine weitere Gruppe von Gefangenen an:<\/p>\n<p>\u201cWir, politische Gefangene aus dem Evin-Gef\u00e4ngnis, werden uns zusammen mit den Gefangenen von Ghazal Hesar und anderen Inhaftierten dienstags dem Hungerstreik gegen die Hinrichtungen anschlie\u00dfen.<\/p>\n<p>Die Namen einiger streikender Gefangener:<br \/>Behrouz Ehsani<br \/>Reza Akbari Monfared<br \/>Khosrow der F\u00fchrer<br \/>Kamran Rezaifar<br \/>Reza Rezaei<br \/>Hossein Shahsawari<br \/>Nasraleh Fallahi<br \/>Masoud Moini<br \/>Ali Moazi<br \/>Shahab Nadali<br \/>Ali Bahirai<br \/>Arash Moradi<br \/>Yasin Mokhtari<\/p>    <\/div>\n<\/div>\n<!-- \/module text -->        <\/div>\n                    <div  data-lazy=\"1\" class=\"module_column sub_column col4-2 tb_d3l5410 last\">\n                    <!-- module image -->\n<div  class=\"module module-image tb_1154675 image-top   tf_mw\" data-lazy=\"1\">\n        <div class=\"image-wrap tf_rel tf_mw\">\n            <img decoding=\"async\" src=\"https:\/\/rechtaufleben.org\/ral\/wp-content\/uploads\/2024\/09\/Hungerstreik.jpg\" title=\"Entschiedene Solidarit\u00e4t beim Protest gegen die Todesstrafe im Iran\" alt=\"Entschiedene Solidarit\u00e4t beim Protest gegen die Todesstrafe im Iran\">    \n        <\/div>\n    <!-- \/image-wrap -->\n    \n        <\/div>\n<!-- \/module image -->        <\/div>\n                    <\/div>\n                <\/div>\n                        <\/div>\n        <\/div>\n        <\/div>\n<!--\/themify_builder_content-->","protected":false},"excerpt":{"rendered":"<p>Eine gr\u00f6\u00dfere Anzahl von Gefangenen \u2013 politische Gefangene sowie solche, die aufgrund ihrer Religionsangeh\u00f6rigkeit oder anl\u00e4sslich der Demonstrationen im vergangenen Jahr inhaftiert wurden \u2013 haben mit Mut und&hellip;<\/p>\n","protected":false},"author":1,"featured_media":0,"comment_status":"open","ping_status":"closed","sticky":false,"template":"","format":"standard","meta":{"give_campaign_id":0,"footnotes":""},"categories":[64,67,68],"tags":[],"class_list":["post-4160","post","type-post","status-publish","format-standard","hentry","category-aktuelles","category-menschenrechtsarbeit","category-uncategorized"],"builder_content":"<p>Eine gr\u00f6\u00dfere Anzahl von Gefangenen \u2013 politische Gefangene sowie solche, die aufgrund ihrer Religionsangeh\u00f6rigkeit oder anl\u00e4sslich der Demonstrationen im vergangenen Jahr inhaftiert wurden \u2013 haben mit Mut und Tapferkeit und gro\u00dfen Belastungen zum Trotz einen Hungerstreik angek\u00fcndigt.<\/p> <p>Aus Protest gegen das Todesurteil treten die Gefangenen in mehreren Gef\u00e4ngnissen des Irans bereits seit einiger Zeit jede Woche dienstags in einen Hungerstreik. Die Zahl der Streikenden w\u00e4chst t\u00e4glich.<\/p> <p>Wie uns gestern mitgeteilt wurde, k\u00fcndigte nun eine weitere Gruppe von Gefangenen an:<\/p> <p>\u201cWir, politische Gefangene aus dem Evin-Gef\u00e4ngnis, werden uns zusammen mit den Gefangenen von Ghazal Hesar und anderen Inhaftierten dienstags dem Hungerstreik gegen die Hinrichtungen anschlie\u00dfen.<\/p> <p>Die Namen einiger streikender Gefangener:<br \/>Behrouz Ehsani<br \/>Reza Akbari Monfared<br \/>Khosrow der F\u00fchrer<br \/>Kamran Rezaifar<br \/>Reza Rezaei<br \/>Hossein Shahsawari<br \/>Nasraleh Fallahi<br \/>Masoud Moini<br \/>Ali Moazi<br \/>Shahab Nadali<br \/>Ali Bahirai<br \/>Arash Moradi<br \/>Yasin Mokhtari<\/p>\n<img src=\"https:\/\/rechtaufleben.org\/ral\/wp-content\/uploads\/2024\/09\/Hungerstreik.jpg\" title=\"Entschiedene Solidarit\u00e4t beim Protest gegen die Todesstrafe im Iran\" alt=\"Entschiedene Solidarit\u00e4t beim Protest gegen die Todesstrafe im Iran\">","_links":{"self":[{"href":"https:\/\/rechtaufleben.org\/ral\/wp-json\/wp\/v2\/posts\/4160","targetHints":{"allow":["GET"]}}],"collection":[{"href":"https:\/\/rechtaufleben.org\/ral\/wp-json\/wp\/v2\/posts"}],"about":[{"href":"https:\/\/rechtaufleben.org\/ral\/wp-json\/wp\/v2\/types\/post"}],"author":[{"embeddable":true,"href":"https:\/\/rechtaufleben.org\/ral\/wp-json\/wp\/v2\/users\/1"}],"replies":[{"embeddable":true,"href":"https:\/\/rechtaufleben.org\/ral\/wp-json\/wp\/v2\/comments?post=4160"}],"version-history":[{"count":0,"href":"https:\/\/rechtaufleben.org\/ral\/wp-json\/wp\/v2\/posts\/4160\/revisions"}],"wp:attachment":[{"href":"https:\/\/rechtaufleben.org\/ral\/wp-json\/wp\/v2\/media?parent=4160"}],"wp:term":[{"taxonomy":"category","embeddable":true,"href":"https:\/\/rechtaufleben.org\/ral\/wp-json\/wp\/v2\/categories?post=4160"},{"taxonomy":"post_tag","embeddable":true,"href":"https:\/\/rechtaufleben.org\/ral\/wp-json\/wp\/v2\/tags?post=4160"}],"curies":[{"name":"wp","href":"https:\/\/api.w.org\/{rel}","templated":true}]}}