{"id":418,"date":"2022-09-18T16:30:57","date_gmt":"2022-09-18T14:30:57","guid":{"rendered":"https:\/\/rechtaufleben.org\/ral\/?p=418"},"modified":"2025-10-16T08:50:30","modified_gmt":"2025-10-16T06:50:30","slug":"iranische-madchen-und-jugendliche-dursten-nach-freiheit-und-gleichheit","status":"publish","type":"post","link":"https:\/\/rechtaufleben.org\/ral\/iranische-madchen-und-jugendliche-dursten-nach-freiheit-und-gleichheit\/","title":{"rendered":"Iranische M\u00e4dchen und Jugendliche d\u00fcrsten nach Freiheit und Gleichheit"},"content":{"rendered":"<!--themify_builder_content-->\n<div id=\"themify_builder_content-418\" data-postid=\"418\" class=\"themify_builder_content themify_builder_content-418 themify_builder tf_clear\">\n                    <div  data-lazy=\"1\" class=\"module_row themify_builder_row tb_v5fv407 tb_first tf_w\">\n                        <div class=\"row_inner col_align_top tb_col_count_1 tf_box tf_rel\">\n                        <div  data-lazy=\"1\" class=\"module_column tb-column col-full tb_pph1408 first\">\n                    <!-- module text -->\n<div  class=\"module module-text tb_lra3582   \" data-lazy=\"1\">\n        <div  class=\"tb_text_wrap\">\n        <p><span style=\"color: #000000;\">Der 12. August wurde von der UNESCO zum Internationalen Jugendtag erkl\u00e4rt. Das Thema des Internationalen Jugendtages 2022 lautet: \u201eSolidarit\u00e4t zwischen den Generationen: Eine Welt f\u00fcr alle Altersgruppen schaffen\u201c. Die Jugendzeit ist die glorreiche Zeit im Leben eines jeden Menschen, die sich nie wiederholt, und sie ist erf\u00fcllt von Lachen und Gl\u00fcck. Die Wertsch\u00e4tzung junger Menschen und ihrer Talente f\u00fchrt zu einer Verbesserung der Gesellschaft und zu Wachstum. Daher sollte jeder junge Mensch die M\u00f6glichkeit haben, diesen Lebensabschnitt sinnvoll zu nutzen.<\/span><\/p>    <\/div>\n<\/div>\n<!-- \/module text -->        <\/div>\n                        <\/div>\n        <\/div>\n                        <div  data-lazy=\"1\" class=\"module_row themify_builder_row tb_g5qf773 tf_w\">\n                        <div class=\"row_inner col_align_top tb_col_count_2 tf_box tf_rel\">\n                        <div  data-lazy=\"1\" class=\"module_column tb-column col4-2 tb_v87m774 first\">\n                    <!-- module image -->\n<div  class=\"module module-image tb_t8ra461 image-top   tf_mw\" data-lazy=\"1\">\n        <div class=\"image-wrap tf_rel tf_mw\">\n            <img decoding=\"async\" src=\"https:\/\/rechtaufleben.org\/ral\/wp-content\/uploads\/2022\/09\/Durst-nach-Freiheit-1-1.jpg\" title=\"Iranische M\u00e4dchen und Jugendliche d\u00fcrsten nach Freiheit und Gleichheit\" alt=\"Iranische M\u00e4dchen und Jugendliche d\u00fcrsten nach Freiheit und Gleichheit\">    \n        <\/div>\n    <!-- \/image-wrap -->\n    \n        <\/div>\n<!-- \/module image -->        <\/div>\n                    <div  data-lazy=\"1\" class=\"module_column tb-column col4-2 tb_0l3h774 last\">\n                    <!-- module text -->\n<div  class=\"module module-text tb_1bae508   \" data-lazy=\"1\">\n        <div  class=\"tb_text_wrap\">\n        <p><span style=\"color: #000000;\">Unter der Diktatur der Mullahs ist dies jedoch f\u00fcr iranische M\u00e4dchen und Jugendliche zu einem unerf\u00fcllbaren Traum geworden. Ein kurzer Blick auf den Zustand iranischer M\u00e4dchen und Jugendlicher anhand mehrerer Statistiken zeigt den chaotischen und hoffnungslosen Zustand der jungen Bev\u00f6lkerung im Iran. Das Nationale Statistikzentrum gab am 7. August 2022 bekannt, dass 50% der Bev\u00f6lkerung (mehr als 40 Millionen Menschen) unter 30 Jahre alt sei.<\/span><\/p>    <\/div>\n<\/div>\n<!-- \/module text -->        <\/div>\n                        <\/div>\n        <\/div>\n        <\/div>\n<!--\/themify_builder_content-->","protected":false},"excerpt":{"rendered":"<p>Der 12. August wurde von der UNESCO zum Internationalen Jugendtag erkl\u00e4rt. Das Thema des Internationalen Jugendtages 2022 lautet: \u201eSolidarit\u00e4t zwischen den Generationen: Eine Welt f\u00fcr alle Altersgruppen schaffen\u201c.&hellip;<\/p>\n","protected":false},"author":1,"featured_media":0,"comment_status":"open","ping_status":"closed","sticky":false,"template":"","format":"standard","meta":{"give_campaign_id":0,"footnotes":""},"categories":[64,65,68],"tags":[],"class_list":["post-418","post","type-post","status-publish","format-standard","hentry","category-aktuelles","category-frauen","category-uncategorized"],"builder_content":"<p>Der 12. August wurde von der UNESCO zum Internationalen Jugendtag erkl\u00e4rt. Das Thema des Internationalen Jugendtages 2022 lautet: \u201eSolidarit\u00e4t zwischen den Generationen: Eine Welt f\u00fcr alle Altersgruppen schaffen\u201c. Die Jugendzeit ist die glorreiche Zeit im Leben eines jeden Menschen, die sich nie wiederholt, und sie ist erf\u00fcllt von Lachen und Gl\u00fcck. Die Wertsch\u00e4tzung junger Menschen und ihrer Talente f\u00fchrt zu einer Verbesserung der Gesellschaft und zu Wachstum. Daher sollte jeder junge Mensch die M\u00f6glichkeit haben, diesen Lebensabschnitt sinnvoll zu nutzen.<\/p>\n<img src=\"https:\/\/rechtaufleben.org\/ral\/wp-content\/uploads\/2022\/09\/Durst-nach-Freiheit-1-1.jpg\" title=\"Iranische M\u00e4dchen und Jugendliche d\u00fcrsten nach Freiheit und Gleichheit\" alt=\"Iranische M\u00e4dchen und Jugendliche d\u00fcrsten nach Freiheit und Gleichheit\">\n<p>Unter der Diktatur der Mullahs ist dies jedoch f\u00fcr iranische M\u00e4dchen und Jugendliche zu einem unerf\u00fcllbaren Traum geworden. Ein kurzer Blick auf den Zustand iranischer M\u00e4dchen und Jugendlicher anhand mehrerer Statistiken zeigt den chaotischen und hoffnungslosen Zustand der jungen Bev\u00f6lkerung im Iran. Das Nationale Statistikzentrum gab am 7. August 2022 bekannt, dass 50% der Bev\u00f6lkerung (mehr als 40 Millionen Menschen) unter 30 Jahre alt sei.<\/p>","_links":{"self":[{"href":"https:\/\/rechtaufleben.org\/ral\/wp-json\/wp\/v2\/posts\/418","targetHints":{"allow":["GET"]}}],"collection":[{"href":"https:\/\/rechtaufleben.org\/ral\/wp-json\/wp\/v2\/posts"}],"about":[{"href":"https:\/\/rechtaufleben.org\/ral\/wp-json\/wp\/v2\/types\/post"}],"author":[{"embeddable":true,"href":"https:\/\/rechtaufleben.org\/ral\/wp-json\/wp\/v2\/users\/1"}],"replies":[{"embeddable":true,"href":"https:\/\/rechtaufleben.org\/ral\/wp-json\/wp\/v2\/comments?post=418"}],"version-history":[{"count":0,"href":"https:\/\/rechtaufleben.org\/ral\/wp-json\/wp\/v2\/posts\/418\/revisions"}],"wp:attachment":[{"href":"https:\/\/rechtaufleben.org\/ral\/wp-json\/wp\/v2\/media?parent=418"}],"wp:term":[{"taxonomy":"category","embeddable":true,"href":"https:\/\/rechtaufleben.org\/ral\/wp-json\/wp\/v2\/categories?post=418"},{"taxonomy":"post_tag","embeddable":true,"href":"https:\/\/rechtaufleben.org\/ral\/wp-json\/wp\/v2\/tags?post=418"}],"curies":[{"name":"wp","href":"https:\/\/api.w.org\/{rel}","templated":true}]}}