{"id":424,"date":"2022-09-18T16:35:02","date_gmt":"2022-09-18T14:35:02","guid":{"rendered":"https:\/\/rechtaufleben.org\/ral\/?p=424"},"modified":"2025-10-16T08:51:49","modified_gmt":"2025-10-16T06:51:49","slug":"vernichtung-der-talente-iranischer-madchen-und-jugendliche-talente-junge-wissenschaftler-und-die-elite-verlassen-das-land","status":"publish","type":"post","link":"https:\/\/rechtaufleben.org\/ral\/vernichtung-der-talente-iranischer-madchen-und-jugendliche-talente-junge-wissenschaftler-und-die-elite-verlassen-das-land\/","title":{"rendered":"Vernichtung der Talente iranischer M\u00e4dchen und Jugendliche; Talente, junge Wissenschaftler und die Elite verlassen das Land"},"content":{"rendered":"<!--themify_builder_content-->\n<div id=\"themify_builder_content-424\" data-postid=\"424\" class=\"themify_builder_content themify_builder_content-424 themify_builder tf_clear\">\n                    <div  data-lazy=\"1\" class=\"module_row themify_builder_row tb_1bb8684 tb_first tf_w\">\n                        <div class=\"row_inner col_align_top tb_col_count_1 tf_box tf_rel\">\n                        <div  data-lazy=\"1\" class=\"module_column tb-column col-full tb_w9ml686 first\">\n                            <div  data-lazy=\"1\" class=\"module_subrow themify_builder_sub_row tf_w col_align_top tb_col_count_1 tb_9xd8696\">\n                <div  data-lazy=\"1\" class=\"module_column sub_column col-full tb_1m3t696 first\">\n                    <!-- module text -->\n<div  class=\"module module-text tb_8kf0760   \" data-lazy=\"1\">\n        <div  class=\"tb_text_wrap\">\n        <p><span style=\"color: #000000;\">Gem\u00e4\u00df dem statistischen Zentrum des Iran liegt die durchschnittliche j\u00e4hrliche Abwanderung von Fachkr\u00e4ften aus dem Iran bei etwa 180.000.<\/span><\/p>\n<p><span style=\"color: #000000;\">Der Internationale W\u00e4hrungsfonds berichtet im Jahr 2009, dass der Iran in Bezug auf die Abwanderung hochqualifizierter Fachkr\u00e4fte unter 91 Entwicklungs- oder unterentwickelten L\u00e4ndern an erster Stelle steht.<\/span><\/p>    <\/div>\n<\/div>\n<!-- \/module text -->        <\/div>\n                    <\/div>\n                <div  data-lazy=\"1\" class=\"module_subrow themify_builder_sub_row tf_w col_align_top tb_col_count_2 tb_73vj394\">\n                <div  data-lazy=\"1\" class=\"module_column sub_column col4-2 tb_b5xq394 first\">\n                    <!-- module image -->\n<div  class=\"module module-image tb_nm48343 image-top   tf_mw\" data-lazy=\"1\">\n        <div class=\"image-wrap tf_rel tf_mw\">\n            <img decoding=\"async\" src=\"https:\/\/rechtaufleben.org\/ral\/wp-content\/uploads\/2022\/09\/Vernichtung-Talente-1-1.jpg\" title=\"Vernichtung der Talente iranischer M\u00e4dchen und Jugendliche; Talente, junge Wissenschaftler und die Elite verlassen das Land\" alt=\"Vernichtung der Talente iranischer M\u00e4dchen und Jugendliche; Talente, junge Wissenschaftler und die Elite verlassen das Land\">    \n        <\/div>\n    <!-- \/image-wrap -->\n    \n        <\/div>\n<!-- \/module image -->        <\/div>\n                    <div  data-lazy=\"1\" class=\"module_column sub_column col4-2 tb_w9sn395 last\">\n                    <!-- module text -->\n<div  class=\"module module-text tb_g76n289   \" data-lazy=\"1\">\n        <div  class=\"tb_text_wrap\">\n        <p><span style=\"color: #000000;\">63 Prozent der iranischen Olympia-Medaillengewinner sind innerhalb von 14 Jahren aus dem Iran ausgewandert (Der Internationale W\u00e4hrungsfonds, berichtet im Jahr 2009).<\/span><\/p>\n<p><span style=\"color: #000000;\">Der Brain Drain der letzten Jahre hat der Wirtschaft des Landes 300-mal mehr geschadet als der Iran-Irak-Krieg (staatliche Zeitung Arman, 21. Januar 2021). Abdul Khaliq, Senior-Experte der Weltbank: \u201eBrain Drain verursacht dem Iran doppelt so viele Verluste wie \u00d6leinnahmen\u201c (staatliche Zeitung Arman, 21. Januar 2021).<\/span><\/p>    <\/div>\n<\/div>\n<!-- \/module text -->        <\/div>\n                    <\/div>\n                <\/div>\n                        <\/div>\n        <\/div>\n        <\/div>\n<!--\/themify_builder_content-->","protected":false},"excerpt":{"rendered":"<p>Gem\u00e4\u00df dem statistischen Zentrum des Iran liegt die durchschnittliche j\u00e4hrliche Abwanderung von Fachkr\u00e4ften aus dem Iran bei etwa 180.000. Der Internationale W\u00e4hrungsfonds berichtet im Jahr 2009, dass der&hellip;<\/p>\n","protected":false},"author":1,"featured_media":0,"comment_status":"open","ping_status":"closed","sticky":false,"template":"","format":"standard","meta":{"give_campaign_id":0,"footnotes":""},"categories":[64,65,68],"tags":[],"class_list":["post-424","post","type-post","status-publish","format-standard","hentry","category-aktuelles","category-frauen","category-uncategorized"],"builder_content":"<p>Gem\u00e4\u00df dem statistischen Zentrum des Iran liegt die durchschnittliche j\u00e4hrliche Abwanderung von Fachkr\u00e4ften aus dem Iran bei etwa 180.000.<\/p> <p>Der Internationale W\u00e4hrungsfonds berichtet im Jahr 2009, dass der Iran in Bezug auf die Abwanderung hochqualifizierter Fachkr\u00e4fte unter 91 Entwicklungs- oder unterentwickelten L\u00e4ndern an erster Stelle steht.<\/p>\n<img src=\"https:\/\/rechtaufleben.org\/ral\/wp-content\/uploads\/2022\/09\/Vernichtung-Talente-1-1.jpg\" title=\"Vernichtung der Talente iranischer M\u00e4dchen und Jugendliche; Talente, junge Wissenschaftler und die Elite verlassen das Land\" alt=\"Vernichtung der Talente iranischer M\u00e4dchen und Jugendliche; Talente, junge Wissenschaftler und die Elite verlassen das Land\">\n<p>63 Prozent der iranischen Olympia-Medaillengewinner sind innerhalb von 14 Jahren aus dem Iran ausgewandert (Der Internationale W\u00e4hrungsfonds, berichtet im Jahr 2009).<\/p> <p>Der Brain Drain der letzten Jahre hat der Wirtschaft des Landes 300-mal mehr geschadet als der Iran-Irak-Krieg (staatliche Zeitung Arman, 21. Januar 2021). Abdul Khaliq, Senior-Experte der Weltbank: \u201eBrain Drain verursacht dem Iran doppelt so viele Verluste wie \u00d6leinnahmen\u201c (staatliche Zeitung Arman, 21. Januar 2021).<\/p>","_links":{"self":[{"href":"https:\/\/rechtaufleben.org\/ral\/wp-json\/wp\/v2\/posts\/424","targetHints":{"allow":["GET"]}}],"collection":[{"href":"https:\/\/rechtaufleben.org\/ral\/wp-json\/wp\/v2\/posts"}],"about":[{"href":"https:\/\/rechtaufleben.org\/ral\/wp-json\/wp\/v2\/types\/post"}],"author":[{"embeddable":true,"href":"https:\/\/rechtaufleben.org\/ral\/wp-json\/wp\/v2\/users\/1"}],"replies":[{"embeddable":true,"href":"https:\/\/rechtaufleben.org\/ral\/wp-json\/wp\/v2\/comments?post=424"}],"version-history":[{"count":0,"href":"https:\/\/rechtaufleben.org\/ral\/wp-json\/wp\/v2\/posts\/424\/revisions"}],"wp:attachment":[{"href":"https:\/\/rechtaufleben.org\/ral\/wp-json\/wp\/v2\/media?parent=424"}],"wp:term":[{"taxonomy":"category","embeddable":true,"href":"https:\/\/rechtaufleben.org\/ral\/wp-json\/wp\/v2\/categories?post=424"},{"taxonomy":"post_tag","embeddable":true,"href":"https:\/\/rechtaufleben.org\/ral\/wp-json\/wp\/v2\/tags?post=424"}],"curies":[{"name":"wp","href":"https:\/\/api.w.org\/{rel}","templated":true}]}}