{"id":431,"date":"2022-09-18T16:40:04","date_gmt":"2022-09-18T14:40:04","guid":{"rendered":"https:\/\/rechtaufleben.org\/ral\/?p=431"},"modified":"2025-10-16T08:21:24","modified_gmt":"2025-10-16T06:21:24","slug":"arbeitslosigkeit-zukunftslosigkeit-und-zunehmende-selbstmorde-unter-iranischen-madchen-und-jugendlichen","status":"publish","type":"post","link":"https:\/\/rechtaufleben.org\/ral\/arbeitslosigkeit-zukunftslosigkeit-und-zunehmende-selbstmorde-unter-iranischen-madchen-und-jugendlichen\/","title":{"rendered":"Arbeitslosigkeit, Zukunftslosigkeit und zunehmende Selbstmorde unter iranischen M\u00e4dchen und Jugendlichen"},"content":{"rendered":"<!--themify_builder_content-->\n<div id=\"themify_builder_content-431\" data-postid=\"431\" class=\"themify_builder_content themify_builder_content-431 themify_builder tf_clear\">\n                    <div  data-lazy=\"1\" class=\"module_row themify_builder_row tb_fen6763 tb_first tf_w\">\n                        <div class=\"row_inner col_align_top tb_col_count_1 tf_box tf_rel\">\n                        <div  data-lazy=\"1\" class=\"module_column tb-column col-full tb_mta5764 first\">\n                            <div  data-lazy=\"1\" class=\"module_subrow themify_builder_sub_row tf_w col_align_top tb_col_count_1 tb_4px4843\">\n                <div  data-lazy=\"1\" class=\"module_column sub_column col-full tb_7mvu844 first\">\n                    <!-- module text -->\n<div  class=\"module module-text tb_zn6v680   \" data-lazy=\"1\">\n        <div  class=\"tb_text_wrap\">\n        <p><span style=\"color: #000000;\">Arbeitslosigkeit und Perspektivlosigkeit sind einer der Hauptgr\u00fcnde f\u00fcr Depressionen iranischer M\u00e4dchen und Jugendlicher. Die Existenz von vier Millionen absoluten Arbeitslosen im Iran, von denen die Mehrheit junge Menschen sind, ist ein Hinweis auf die d\u00fcstere Zukunft, die den jungen Menschen im Iran bevorsteht\u00a0(staatliche Nachrichtenagentur Rokna, 25. September 2021).<\/span><\/p>    <\/div>\n<\/div>\n<!-- \/module text -->        <\/div>\n                    <\/div>\n                <\/div>\n                        <\/div>\n        <\/div>\n                        <div  data-lazy=\"1\" class=\"module_row themify_builder_row tb_jhzq386 tf_w\">\n                        <div class=\"row_inner col_align_top tb_col_count_2 tf_box tf_rel\">\n                        <div  data-lazy=\"1\" class=\"module_column tb-column col4-2 tb_9s0q386 first\">\n                    <!-- module image -->\n<div  class=\"module module-image tb_gspe89 image-top   tf_mw\" data-lazy=\"1\">\n        <div class=\"image-wrap tf_rel tf_mw\">\n            <img decoding=\"async\" src=\"https:\/\/rechtaufleben.org\/ral\/wp-content\/uploads\/2022\/09\/Zukunftslosigkeit-der-Jugend-1-1.jpg\" title=\"Arbeitslosigkeit, Zukunftslosigkeit und zunehmende Selbstmorde unter iranischen M\u00e4dchen und Jugendlichen\" alt=\"Arbeitslosigkeit, Zukunftslosigkeit und zunehmende Selbstmorde unter iranischen M\u00e4dchen und Jugendlichen\">    \n        <\/div>\n    <!-- \/image-wrap -->\n    \n        <\/div>\n<!-- \/module image -->        <\/div>\n                    <div  data-lazy=\"1\" class=\"module_column tb-column col4-2 tb_q7z7386 last\">\n                    <!-- module text -->\n<div  class=\"module module-text tb_rlt5235   \" data-lazy=\"1\">\n        <div  class=\"tb_text_wrap\">\n        <p><span style=\"color: #000000;\">Im Durchschnitt begehen jeden Tag f\u00fcnfzehn M\u00e4dchen Selbstmord, die sich von Aufz\u00fcgen, Br\u00fccken und D\u00e4chern herunterst\u00fcrzen.\u00a0Die meisten Selbstmorde ereignen sich im Alter zwischen 12 und 18 Jahren. Die Zahl der M\u00e4dchen, die Selbstmord begehen, ist h\u00f6her als die der Jungen\u00a0(staatliche Zeitung Jahan-e Sanat, 4. Oktober 2021).<\/span><\/p>    <\/div>\n<\/div>\n<!-- \/module text -->        <\/div>\n                        <\/div>\n        <\/div>\n        <\/div>\n<!--\/themify_builder_content-->","protected":false},"excerpt":{"rendered":"<p>Arbeitslosigkeit und Perspektivlosigkeit sind einer der Hauptgr\u00fcnde f\u00fcr Depressionen iranischer M\u00e4dchen und Jugendlicher. Die Existenz von vier Millionen absoluten Arbeitslosen im Iran, von denen die Mehrheit junge Menschen&hellip;<\/p>\n","protected":false},"author":1,"featured_media":0,"comment_status":"open","ping_status":"closed","sticky":false,"template":"","format":"standard","meta":{"give_campaign_id":0,"footnotes":""},"categories":[64,65,68],"tags":[],"class_list":["post-431","post","type-post","status-publish","format-standard","hentry","category-aktuelles","category-frauen","category-uncategorized"],"builder_content":"<p>Arbeitslosigkeit und Perspektivlosigkeit sind einer der Hauptgr\u00fcnde f\u00fcr Depressionen iranischer M\u00e4dchen und Jugendlicher. Die Existenz von vier Millionen absoluten Arbeitslosen im Iran, von denen die Mehrheit junge Menschen sind, ist ein Hinweis auf die d\u00fcstere Zukunft, die den jungen Menschen im Iran bevorsteht\u00a0(staatliche Nachrichtenagentur Rokna, 25. September 2021).<\/p>\n<img src=\"https:\/\/rechtaufleben.org\/ral\/wp-content\/uploads\/2022\/09\/Zukunftslosigkeit-der-Jugend-1-1.jpg\" title=\"Arbeitslosigkeit, Zukunftslosigkeit und zunehmende Selbstmorde unter iranischen M\u00e4dchen und Jugendlichen\" alt=\"Arbeitslosigkeit, Zukunftslosigkeit und zunehmende Selbstmorde unter iranischen M\u00e4dchen und Jugendlichen\">\n<p>Im Durchschnitt begehen jeden Tag f\u00fcnfzehn M\u00e4dchen Selbstmord, die sich von Aufz\u00fcgen, Br\u00fccken und D\u00e4chern herunterst\u00fcrzen.\u00a0Die meisten Selbstmorde ereignen sich im Alter zwischen 12 und 18 Jahren. Die Zahl der M\u00e4dchen, die Selbstmord begehen, ist h\u00f6her als die der Jungen\u00a0(staatliche Zeitung Jahan-e Sanat, 4. Oktober 2021).<\/p>","_links":{"self":[{"href":"https:\/\/rechtaufleben.org\/ral\/wp-json\/wp\/v2\/posts\/431","targetHints":{"allow":["GET"]}}],"collection":[{"href":"https:\/\/rechtaufleben.org\/ral\/wp-json\/wp\/v2\/posts"}],"about":[{"href":"https:\/\/rechtaufleben.org\/ral\/wp-json\/wp\/v2\/types\/post"}],"author":[{"embeddable":true,"href":"https:\/\/rechtaufleben.org\/ral\/wp-json\/wp\/v2\/users\/1"}],"replies":[{"embeddable":true,"href":"https:\/\/rechtaufleben.org\/ral\/wp-json\/wp\/v2\/comments?post=431"}],"version-history":[{"count":0,"href":"https:\/\/rechtaufleben.org\/ral\/wp-json\/wp\/v2\/posts\/431\/revisions"}],"wp:attachment":[{"href":"https:\/\/rechtaufleben.org\/ral\/wp-json\/wp\/v2\/media?parent=431"}],"wp:term":[{"taxonomy":"category","embeddable":true,"href":"https:\/\/rechtaufleben.org\/ral\/wp-json\/wp\/v2\/categories?post=431"},{"taxonomy":"post_tag","embeddable":true,"href":"https:\/\/rechtaufleben.org\/ral\/wp-json\/wp\/v2\/tags?post=431"}],"curies":[{"name":"wp","href":"https:\/\/api.w.org\/{rel}","templated":true}]}}