{"id":525,"date":"2022-09-23T15:24:48","date_gmt":"2022-09-23T13:24:48","guid":{"rendered":"https:\/\/rechtaufleben.org\/ral\/?p=525"},"modified":"2025-10-16T08:57:36","modified_gmt":"2025-10-16T06:57:36","slug":"mahsa-amini-ist-tot-sie-hatte-die-islamische-kleiderordnung-verletzt","status":"publish","type":"post","link":"https:\/\/rechtaufleben.org\/ral\/mahsa-amini-ist-tot-sie-hatte-die-islamische-kleiderordnung-verletzt\/","title":{"rendered":"Mahsa Amini ist tot! Sie hatte die islamische Kleiderordnung verletzt!"},"content":{"rendered":"<!--themify_builder_content-->\n<div id=\"themify_builder_content-525\" data-postid=\"525\" class=\"themify_builder_content themify_builder_content-525 themify_builder tf_clear\">\n                    <div  data-lazy=\"1\" class=\"module_row themify_builder_row tb_a577537 tb_first tf_w\">\n                        <div class=\"row_inner col_align_top tb_col_count_1 tf_box tf_rel\">\n                        <div  data-lazy=\"1\" class=\"module_column tb-column col-full tb_rbmb538 first\">\n                            <div  data-lazy=\"1\" class=\"module_subrow themify_builder_sub_row tf_w col_align_top tb_col_count_1 tb_1ltw448\">\n                <div  data-lazy=\"1\" class=\"module_column sub_column col-full tb_m2n1448 first\">\n                    <!-- module text -->\n<div  class=\"module module-text tb_sz0s473   \" data-lazy=\"1\">\n        <div  class=\"tb_text_wrap\">\n        <p><span style=\"color: #000000;\">Mahsa Amini wurde nur 22 Jahre alt. Am 13. September war sie mit ihrem Bruder in\u00a0Teheran zu einem Verwandtenbesuch unterwegs gewesen. Eine Streife des Erschad, des &#8220;Ministeriums f\u00fcr die Wahrung der Moral und der Pr\u00e4vention der Unzucht&#8221;, hielt sie an. Ihre Kleidung sei unziemlich. Ihr Bruder versuchte noch, sie zu sch\u00fctzen, die W\u00e4chter spr\u00fchten Pfefferspray und zerrten Mahsa Amini in den Wagen.<\/span><\/p>    <\/div>\n<\/div>\n<!-- \/module text -->        <\/div>\n                    <\/div>\n                <\/div>\n                        <\/div>\n        <\/div>\n                        <div  data-lazy=\"1\" class=\"module_row themify_builder_row tb_ork4426 tf_w\">\n                        <div class=\"row_inner col_align_top tb_col_count_2 tf_box tf_rel\">\n                        <div  data-lazy=\"1\" class=\"module_column tb-column col4-2 tb_4mgi426 first\">\n                    <!-- module image -->\n<div  class=\"module module-image tb_tckv262 image-top   tf_mw\" data-lazy=\"1\">\n        <div class=\"image-wrap tf_rel tf_mw\">\n            <img decoding=\"async\" src=\"https:\/\/rechtaufleben.org\/ral\/wp-content\/uploads\/2022\/09\/Mahsa-Amini_2-1-1.jpg\" title=\"Mahsa Amini ist tot! Sie hatte die islamische Kleiderordnung verletzt!\" alt=\"Mahsa Amini ist tot! Sie hatte die islamische Kleiderordnung verletzt!\">    \n        <\/div>\n    <!-- \/image-wrap -->\n    \n        <\/div>\n<!-- \/module image -->        <\/div>\n                    <div  data-lazy=\"1\" class=\"module_column tb-column col4-2 tb_niwi427 last\">\n                    <!-- module text -->\n<div  class=\"module module-text tb_j4bh449   \" data-lazy=\"1\">\n        <div  class=\"tb_text_wrap\">\n        <p><span style=\"color: #000000;\">Die Verhaftung muss f\u00fcr Mahsa v\u00f6llig \u00fcberraschend gewesen sein, denn Sie war gekleidet wie immer. Die junge Frau lebte mit ihrer Familie in der Kleinstadt Saqqez im Westen des Iran, einer \u00fcberwiegend kurdischen Region. Die g\u00e4ngige Strafe f\u00fcr Verst\u00f6\u00dfe gegen die Kleidervorschriften ist Gewahrsam mit Morallektionen. Drei Tage sp\u00e4ter unterrichtete die Polizei Mahsas Familie, sie habe auf dem Revier einen Herzinfarkt erlitten. Der Vater bestreitet das. Seine Tochter sei gesund gewesen.<\/span><\/p>    <\/div>\n<\/div>\n<!-- \/module text -->        <\/div>\n                        <\/div>\n        <\/div>\n                        <div  data-lazy=\"1\" class=\"module_row themify_builder_row tb_fcgi572 tf_w\">\n                        <div class=\"row_inner col_align_top tb_col_count_1 tf_box tf_rel\">\n                        <div  data-lazy=\"1\" class=\"module_column tb-column col-full tb_d2s9573 first\">\n                    <!-- module text -->\n<div  class=\"module module-text tb_divg211   \" data-lazy=\"1\">\n        <div  class=\"tb_text_wrap\">\n        <p><span style=\"color: #000000;\">Es wird vermutet, die Polizei habe Mahsa zu Tode gepr\u00fcgelt. Die Aufnahmen aus dem Krankenhaus, in das die Polizei sie gebracht hat, deuten auf ein Sch\u00e4deltrauma, wom\u00f6glich nach Schl\u00e4gen auf den Kopf als Todesursache. Dies best\u00e4tigt die Berichte der Augenzeugen, nach denen Mahsa bei ihrer Festnahme von Polizisten geschlagen wurde.<\/span><\/p>    <\/div>\n<\/div>\n<!-- \/module text -->        <\/div>\n                        <\/div>\n        <\/div>\n        <\/div>\n<!--\/themify_builder_content-->","protected":false},"excerpt":{"rendered":"<p>Mahsa Amini wurde nur 22 Jahre alt. Am 13. September war sie mit ihrem Bruder in\u00a0Teheran zu einem Verwandtenbesuch unterwegs gewesen. Eine Streife des Erschad, des &#8220;Ministeriums f\u00fcr&hellip;<\/p>\n","protected":false},"author":1,"featured_media":0,"comment_status":"open","ping_status":"closed","sticky":false,"template":"","format":"standard","meta":{"give_campaign_id":0,"footnotes":""},"categories":[64,65,68],"tags":[],"class_list":["post-525","post","type-post","status-publish","format-standard","hentry","category-aktuelles","category-frauen","category-uncategorized"],"builder_content":"<p>Mahsa Amini wurde nur 22 Jahre alt. Am 13. September war sie mit ihrem Bruder in\u00a0Teheran zu einem Verwandtenbesuch unterwegs gewesen. Eine Streife des Erschad, des \"Ministeriums f\u00fcr die Wahrung der Moral und der Pr\u00e4vention der Unzucht\", hielt sie an. Ihre Kleidung sei unziemlich. Ihr Bruder versuchte noch, sie zu sch\u00fctzen, die W\u00e4chter spr\u00fchten Pfefferspray und zerrten Mahsa Amini in den Wagen.<\/p>\n<img src=\"https:\/\/rechtaufleben.org\/ral\/wp-content\/uploads\/2022\/09\/Mahsa-Amini_2-1-1.jpg\" title=\"Mahsa Amini ist tot! Sie hatte die islamische Kleiderordnung verletzt!\" alt=\"Mahsa Amini ist tot! Sie hatte die islamische Kleiderordnung verletzt!\">\n<p>Die Verhaftung muss f\u00fcr Mahsa v\u00f6llig \u00fcberraschend gewesen sein, denn Sie war gekleidet wie immer. Die junge Frau lebte mit ihrer Familie in der Kleinstadt Saqqez im Westen des Iran, einer \u00fcberwiegend kurdischen Region. Die g\u00e4ngige Strafe f\u00fcr Verst\u00f6\u00dfe gegen die Kleidervorschriften ist Gewahrsam mit Morallektionen. Drei Tage sp\u00e4ter unterrichtete die Polizei Mahsas Familie, sie habe auf dem Revier einen Herzinfarkt erlitten. Der Vater bestreitet das. Seine Tochter sei gesund gewesen.<\/p>\n<p>Es wird vermutet, die Polizei habe Mahsa zu Tode gepr\u00fcgelt. Die Aufnahmen aus dem Krankenhaus, in das die Polizei sie gebracht hat, deuten auf ein Sch\u00e4deltrauma, wom\u00f6glich nach Schl\u00e4gen auf den Kopf als Todesursache. Dies best\u00e4tigt die Berichte der Augenzeugen, nach denen Mahsa bei ihrer Festnahme von Polizisten geschlagen wurde.<\/p>","_links":{"self":[{"href":"https:\/\/rechtaufleben.org\/ral\/wp-json\/wp\/v2\/posts\/525","targetHints":{"allow":["GET"]}}],"collection":[{"href":"https:\/\/rechtaufleben.org\/ral\/wp-json\/wp\/v2\/posts"}],"about":[{"href":"https:\/\/rechtaufleben.org\/ral\/wp-json\/wp\/v2\/types\/post"}],"author":[{"embeddable":true,"href":"https:\/\/rechtaufleben.org\/ral\/wp-json\/wp\/v2\/users\/1"}],"replies":[{"embeddable":true,"href":"https:\/\/rechtaufleben.org\/ral\/wp-json\/wp\/v2\/comments?post=525"}],"version-history":[{"count":0,"href":"https:\/\/rechtaufleben.org\/ral\/wp-json\/wp\/v2\/posts\/525\/revisions"}],"wp:attachment":[{"href":"https:\/\/rechtaufleben.org\/ral\/wp-json\/wp\/v2\/media?parent=525"}],"wp:term":[{"taxonomy":"category","embeddable":true,"href":"https:\/\/rechtaufleben.org\/ral\/wp-json\/wp\/v2\/categories?post=525"},{"taxonomy":"post_tag","embeddable":true,"href":"https:\/\/rechtaufleben.org\/ral\/wp-json\/wp\/v2\/tags?post=525"}],"curies":[{"name":"wp","href":"https:\/\/api.w.org\/{rel}","templated":true}]}}