{"id":555,"date":"2022-10-13T17:39:34","date_gmt":"2022-10-13T15:39:34","guid":{"rendered":"https:\/\/rechtaufleben.org\/ral\/?p=555"},"modified":"2025-10-16T09:55:32","modified_gmt":"2025-10-16T07:55:32","slug":"gewalt-des-iranischen-regimes-gegen-burgerproteste-im-iran-schulmadchen-zu-tode-geprugelt","status":"publish","type":"post","link":"https:\/\/rechtaufleben.org\/ral\/gewalt-des-iranischen-regimes-gegen-burgerproteste-im-iran-schulmadchen-zu-tode-geprugelt\/","title":{"rendered":"Gewalt des iranischen Regimes gegen B\u00fcrgerproteste im Iran: Schulm\u00e4dchen zu Tode gepr\u00fcgelt!"},"content":{"rendered":"<!--themify_builder_content-->\n<div id=\"themify_builder_content-555\" data-postid=\"555\" class=\"themify_builder_content themify_builder_content-555 themify_builder tf_clear\">\n                    <div  data-lazy=\"1\" class=\"module_row themify_builder_row tb_xlqs33 tb_first tf_w\">\n                        <div class=\"row_inner col_align_top tb_col_count_1 tf_box tf_rel\">\n                        <div  data-lazy=\"1\" class=\"module_column tb-column col-full tb_00w233 first\">\n                            <div  data-lazy=\"1\" class=\"module_subrow themify_builder_sub_row tf_w col_align_top tb_col_count_1 tb_nlmk975\">\n                <div  data-lazy=\"1\" class=\"module_column sub_column col-full tb_z3b7976 first\">\n                    <!-- module text -->\n<div  class=\"module module-text tb_fufo223   \" data-lazy=\"1\">\n        <div  class=\"tb_text_wrap\">\n        <p><!-- wp:paragraph --><\/p>\n<p><span style=\"color: #000000;\">Im Iran werden immer mehr Menschen identifiziert, die bei B\u00fcrgerprotesten von Regimetruppen mit brutaler Gewalt get\u00f6tet wurden. Unter den Toten sind Minderj\u00e4hrige.<\/span><\/p>\n<p><span style=\"color: #000000;\"><!-- \/wp:paragraph --><!-- wp:paragraph --><\/span><\/p>\n<p><span style=\"color: #000000;\"><strong>Die 17-j\u00e4hrige Nika Shahkarmi (Bild links) und die 16-j\u00e4hrige Sarina Esmailzadeh (Bild rechts) wurden bei den Protesten im Iran get\u00f6tet.<\/strong><\/span><!-- \/wp:paragraph --><\/p>    <\/div>\n<\/div>\n<!-- \/module text -->        <\/div>\n                    <\/div>\n                <\/div>\n                        <\/div>\n        <\/div>\n                        <div  data-lazy=\"1\" class=\"module_row themify_builder_row tb_19di511 tf_w\">\n                        <div class=\"row_inner col_align_top tb_col_count_2 tf_box tf_rel\">\n                        <div  data-lazy=\"1\" class=\"module_column tb-column col4-2 tb_vsvc512 first\">\n                    <!-- module image -->\n<div  class=\"module module-image tb_korf776 image-top   tf_mw\" data-lazy=\"1\">\n        <div class=\"image-wrap tf_rel tf_mw\">\n            <img decoding=\"async\" src=\"https:\/\/rechtaufleben.org\/ral\/wp-content\/uploads\/2022\/10\/Nika_Sarina-1-1.jpg\" title=\"Gewalt des iranischen Regimes gegen B\u00fcrgerproteste im Iran: Schulm\u00e4dchen zu Tode gepr\u00fcgelt!\" alt=\"Gewalt des iranischen Regimes gegen B\u00fcrgerproteste im Iran: Schulm\u00e4dchen zu Tode gepr\u00fcgelt!\">    \n        <\/div>\n    <!-- \/image-wrap -->\n    \n        <\/div>\n<!-- \/module image -->        <\/div>\n                    <div  data-lazy=\"1\" class=\"module_column tb-column col4-2 tb_a2xa512 last\">\n                    <!-- module text -->\n<div  class=\"module module-text tb_iqr3512   \" data-lazy=\"1\">\n        <div  class=\"tb_text_wrap\">\n        <p><span style=\"color: #000000;\">Menschenrechtsgruppen berichteten, dass bei Protesten im September zwei Schulm\u00e4dchen von Regimewachen get\u00f6tet wurden. Sarina Esmailzadeh, 16, starb laut Amnesty International, nachdem sie mit Schlagst\u00f6cken auf den Kopf getroffen und schwer verletzt worden war. Sie wurde zun\u00e4chst als vermisst gemeldet und ihre Familie suchte zehn Tage lang nach ihr. Erst dann lie\u00dfen die Beh\u00f6rden die Leiche frei.<\/span><\/p>    <\/div>\n<\/div>\n<!-- \/module text -->        <\/div>\n                        <\/div>\n        <\/div>\n                        <div  data-lazy=\"1\" class=\"module_row themify_builder_row tb_3tjc489 tf_w\">\n                        <div class=\"row_inner col_align_top tb_col_count_1 tf_box tf_rel\">\n                        <div  data-lazy=\"1\" class=\"module_column tb-column col-full tb_rapp489 first\">\n                    <!-- module text -->\n<div  class=\"module module-text tb_s24i370   \" data-lazy=\"1\">\n        <div  class=\"tb_text_wrap\">\n        <p><span style=\"color: #000000;\">Auch die 17-j\u00e4hrige Nika Shakarami wurde nach einem Protest in der Hauptstadt Teheran am 20. September vermisst. Kurz vor ihrem Verschwinden rief sie eine Freundin an und sagte, sie fliehe vor Regimetruppen. Ihre Familie suchte tagelang in Gef\u00e4ngnissen, Krankenh\u00e4usern und sogar Leichenschauh\u00e4usern nach ihr. Schlie\u00dflich wurde Nika in einem Leichenschauhaus identifiziert. Sie war an einem Sch\u00e4delbruch gestorben, ihre Nase war eingeschlagen.<\/span><\/p>\n<p><span style=\"color: #000000;\">Das Teheraner Regime setzt weiterhin massiv Repressionstruppen ein, um friedliche B\u00fcrgerproteste mit brutalster Gewalt niederzuschlagen. Milizen des Regimes feuern Schrot und andere scharfe Munition aus n\u00e4chster N\u00e4he auf Demonstranten mit der klaren Absicht, sie zu t\u00f6ten. Die Zahl der get\u00f6teten und verletzten Demonstranten steigt t\u00e4glich. Tausende Menschen wurden in Massenverhaftungen in Foltergef\u00e4ngnisse gebracht, wo sie Gefahr laufen, zu Tode gepr\u00fcgelt zu werden.<\/span><\/p>\n<p><span style=\"color: #000000;\">Die Menschen, die sich der Diktatur widersetzen, brauchen internationale Unterst\u00fctzung und Schutz<\/span><\/p>\n<p><span style=\"color: #000000;\">Die iranische Protestbewegung f\u00fcr Freiheit und Menschenrechte braucht dringend Unterst\u00fctzung und Schutz durch die Weltgemeinschaft. Die Vereinten Nationen, Regierungen und Parlamente auf der ganzen Welt m\u00fcssen ihre Stimme erheben und mit aller Kraft handeln, um die brutale Unterdr\u00fcckung im Iran zu beenden. Alle Gefangenen, die nur wegen der Teilnahme an B\u00fcrgerprotesten festgehalten werden, m\u00fcssen unverz\u00fcglich freigelassen werden. Der internationale \u00f6ffentliche Druck muss deutlich zunehmen, um die Menschenrechte im Iran durchzusetzen.<\/span><\/p>    <\/div>\n<\/div>\n<!-- \/module text -->        <\/div>\n                        <\/div>\n        <\/div>\n        <\/div>\n<!--\/themify_builder_content-->","protected":false},"excerpt":{"rendered":"<p>Im Iran werden immer mehr Menschen identifiziert, die bei B\u00fcrgerprotesten von Regimetruppen mit brutaler Gewalt get\u00f6tet wurden. Unter den Toten sind Minderj\u00e4hrige. Die 17-j\u00e4hrige Nika Shahkarmi (Bild links)&hellip;<\/p>\n","protected":false},"author":1,"featured_media":0,"comment_status":"open","ping_status":"closed","sticky":false,"template":"","format":"standard","meta":{"give_campaign_id":0,"footnotes":""},"categories":[64,65,68],"tags":[],"class_list":["post-555","post","type-post","status-publish","format-standard","hentry","category-aktuelles","category-frauen","category-uncategorized"],"builder_content":"<p><\/p> <p>Im Iran werden immer mehr Menschen identifiziert, die bei B\u00fcrgerprotesten von Regimetruppen mit brutaler Gewalt get\u00f6tet wurden. Unter den Toten sind Minderj\u00e4hrige.<\/p> <p><\/p> <p><strong>Die 17-j\u00e4hrige Nika Shahkarmi (Bild links) und die 16-j\u00e4hrige Sarina Esmailzadeh (Bild rechts) wurden bei den Protesten im Iran get\u00f6tet.<\/strong><\/p>\n<img src=\"https:\/\/rechtaufleben.org\/ral\/wp-content\/uploads\/2022\/10\/Nika_Sarina-1-1.jpg\" title=\"Gewalt des iranischen Regimes gegen B\u00fcrgerproteste im Iran: Schulm\u00e4dchen zu Tode gepr\u00fcgelt!\" alt=\"Gewalt des iranischen Regimes gegen B\u00fcrgerproteste im Iran: Schulm\u00e4dchen zu Tode gepr\u00fcgelt!\">\n<p>Menschenrechtsgruppen berichteten, dass bei Protesten im September zwei Schulm\u00e4dchen von Regimewachen get\u00f6tet wurden. Sarina Esmailzadeh, 16, starb laut Amnesty International, nachdem sie mit Schlagst\u00f6cken auf den Kopf getroffen und schwer verletzt worden war. Sie wurde zun\u00e4chst als vermisst gemeldet und ihre Familie suchte zehn Tage lang nach ihr. Erst dann lie\u00dfen die Beh\u00f6rden die Leiche frei.<\/p>\n<p>Auch die 17-j\u00e4hrige Nika Shakarami wurde nach einem Protest in der Hauptstadt Teheran am 20. September vermisst. Kurz vor ihrem Verschwinden rief sie eine Freundin an und sagte, sie fliehe vor Regimetruppen. Ihre Familie suchte tagelang in Gef\u00e4ngnissen, Krankenh\u00e4usern und sogar Leichenschauh\u00e4usern nach ihr. Schlie\u00dflich wurde Nika in einem Leichenschauhaus identifiziert. Sie war an einem Sch\u00e4delbruch gestorben, ihre Nase war eingeschlagen.<\/p> <p>Das Teheraner Regime setzt weiterhin massiv Repressionstruppen ein, um friedliche B\u00fcrgerproteste mit brutalster Gewalt niederzuschlagen. Milizen des Regimes feuern Schrot und andere scharfe Munition aus n\u00e4chster N\u00e4he auf Demonstranten mit der klaren Absicht, sie zu t\u00f6ten. Die Zahl der get\u00f6teten und verletzten Demonstranten steigt t\u00e4glich. Tausende Menschen wurden in Massenverhaftungen in Foltergef\u00e4ngnisse gebracht, wo sie Gefahr laufen, zu Tode gepr\u00fcgelt zu werden.<\/p> <p>Die Menschen, die sich der Diktatur widersetzen, brauchen internationale Unterst\u00fctzung und Schutz<\/p> <p>Die iranische Protestbewegung f\u00fcr Freiheit und Menschenrechte braucht dringend Unterst\u00fctzung und Schutz durch die Weltgemeinschaft. Die Vereinten Nationen, Regierungen und Parlamente auf der ganzen Welt m\u00fcssen ihre Stimme erheben und mit aller Kraft handeln, um die brutale Unterdr\u00fcckung im Iran zu beenden. Alle Gefangenen, die nur wegen der Teilnahme an B\u00fcrgerprotesten festgehalten werden, m\u00fcssen unverz\u00fcglich freigelassen werden. Der internationale \u00f6ffentliche Druck muss deutlich zunehmen, um die Menschenrechte im Iran durchzusetzen.<\/p>","_links":{"self":[{"href":"https:\/\/rechtaufleben.org\/ral\/wp-json\/wp\/v2\/posts\/555","targetHints":{"allow":["GET"]}}],"collection":[{"href":"https:\/\/rechtaufleben.org\/ral\/wp-json\/wp\/v2\/posts"}],"about":[{"href":"https:\/\/rechtaufleben.org\/ral\/wp-json\/wp\/v2\/types\/post"}],"author":[{"embeddable":true,"href":"https:\/\/rechtaufleben.org\/ral\/wp-json\/wp\/v2\/users\/1"}],"replies":[{"embeddable":true,"href":"https:\/\/rechtaufleben.org\/ral\/wp-json\/wp\/v2\/comments?post=555"}],"version-history":[{"count":0,"href":"https:\/\/rechtaufleben.org\/ral\/wp-json\/wp\/v2\/posts\/555\/revisions"}],"wp:attachment":[{"href":"https:\/\/rechtaufleben.org\/ral\/wp-json\/wp\/v2\/media?parent=555"}],"wp:term":[{"taxonomy":"category","embeddable":true,"href":"https:\/\/rechtaufleben.org\/ral\/wp-json\/wp\/v2\/categories?post=555"},{"taxonomy":"post_tag","embeddable":true,"href":"https:\/\/rechtaufleben.org\/ral\/wp-json\/wp\/v2\/tags?post=555"}],"curies":[{"name":"wp","href":"https:\/\/api.w.org\/{rel}","templated":true}]}}