{"id":610,"date":"2022-11-17T17:30:47","date_gmt":"2022-11-17T16:30:47","guid":{"rendered":"https:\/\/rechtaufleben.org\/ral\/?p=610"},"modified":"2025-10-16T07:54:20","modified_gmt":"2025-10-16T05:54:20","slug":"227-abgeordnete-des-iranischen-parlaments-forderten-die-hinrichtung-der-demonstranten","status":"publish","type":"post","link":"https:\/\/rechtaufleben.org\/ral\/227-abgeordnete-des-iranischen-parlaments-forderten-die-hinrichtung-der-demonstranten\/","title":{"rendered":"227 Abgeordnete des iranischen Parlaments forderten die Hinrichtung der Demonstranten"},"content":{"rendered":"<!--themify_builder_content-->\n<div id=\"themify_builder_content-610\" data-postid=\"610\" class=\"themify_builder_content themify_builder_content-610 themify_builder tf_clear\">\n                    <div  data-lazy=\"1\" class=\"module_row themify_builder_row tb_atwj378 tb_first tf_w\">\n                        <div class=\"row_inner col_align_top tb_col_count_1 tf_box tf_rel\">\n                        <div  data-lazy=\"1\" class=\"module_column tb-column col-full tb_ofi8379 first\">\n                            <div  data-lazy=\"1\" class=\"module_subrow themify_builder_sub_row tf_w col_align_top tb_col_count_1 tb_dfsr182\">\n                <div  data-lazy=\"1\" class=\"module_column sub_column col-full tb_xvjh182 first\">\n                    <!-- module text -->\n<div  class=\"module module-text tb_kick232   \" data-lazy=\"1\">\n        <div  class=\"tb_text_wrap\">\n        <p><!-- wp:paragraph --><\/p>\n<p><span style=\"color: #000000;\">Die Justiz der Islamischen Republik Iran k\u00fcndigte den Erlass vorl\u00e4ufiger Urteile gegen sechs in Teheran festgenommene Demonstranten an und f\u00fcgte hinzu, dass das Revolutionsgericht einen Demonstranten zu \u201eHinrichtung\u201c und f\u00fcnf weitere zu f\u00fcnf bis zehn Jahren Gef\u00e4ngnis verurteilt habe. Gleichzeitig k\u00fcndigten auch die Gerichte der zentralen Provinzen Isfahan und Hormozgan die Erhebung von Anklagen gegen 750 Demonstranten an.<\/span><!-- \/wp:paragraph --><\/p>    <\/div>\n<\/div>\n<!-- \/module text -->        <\/div>\n                    <\/div>\n                <\/div>\n                        <\/div>\n        <\/div>\n                        <div  data-lazy=\"1\" class=\"module_row themify_builder_row tb_u5w5697 tf_w\">\n                        <div class=\"row_inner col_align_top tb_col_count_2 tf_box tf_rel\">\n                        <div  data-lazy=\"1\" class=\"module_column tb-column col4-2 tb_zksl698 first\">\n                    <!-- module image -->\n<div  class=\"module module-image tb_cyy4887 image-top   tf_mw\" data-lazy=\"1\">\n        <div class=\"image-wrap tf_rel tf_mw\">\n            <img decoding=\"async\" src=\"https:\/\/rechtaufleben.org\/ral\/wp-content\/uploads\/2023\/03\/Hinrichtung_2-1-1024x757-364x240-1.jpg\" title=\"227 Abgeordnete des iranischen Parlaments forderten die Hinrichtung der Demonstranten\" alt=\"227 Abgeordnete des iranischen Parlaments forderten die Hinrichtung der Demonstranten\">    \n        <\/div>\n    <!-- \/image-wrap -->\n    \n        <\/div>\n<!-- \/module image -->        <\/div>\n                    <div  data-lazy=\"1\" class=\"module_column tb-column col4-2 tb_ez56698 last\">\n                    <!-- module text -->\n<div  class=\"module module-text tb_s37r424   \" data-lazy=\"1\">\n        <div  class=\"tb_text_wrap\">\n        <p><span style=\"color: #000000;\">Nach Angaben des Informationszentrums der iranischen Justiz: \u201eDie Person, die ein Regierungszentrum in Brand gesteckt hat, wurde beschuldigt, die \u00f6ffentliche Ordnung und den Frieden gest\u00f6rt, sich versammelt und verschworen zu haben, um eine kriminelle Tat gegen die nationale Sicherheit, Krieg und Korruption im Land, Krieg durch Brandstiftung, Volksverhetzung und vors\u00e4tzliche Zerst\u00f6rung zu begehen. Diese Person wurde zum Tode verurteilt.\u201c<\/span><\/p>    <\/div>\n<\/div>\n<!-- \/module text -->        <\/div>\n                        <\/div>\n        <\/div>\n        <\/div>\n<!--\/themify_builder_content-->","protected":false},"excerpt":{"rendered":"<p>Die Justiz der Islamischen Republik Iran k\u00fcndigte den Erlass vorl\u00e4ufiger Urteile gegen sechs in Teheran festgenommene Demonstranten an und f\u00fcgte hinzu, dass das Revolutionsgericht einen Demonstranten zu \u201eHinrichtung\u201c&hellip;<\/p>\n","protected":false},"author":1,"featured_media":0,"comment_status":"open","ping_status":"closed","sticky":false,"template":"","format":"standard","meta":{"give_campaign_id":0,"footnotes":""},"categories":[64,68],"tags":[],"class_list":["post-610","post","type-post","status-publish","format-standard","hentry","category-aktuelles","category-uncategorized"],"builder_content":"<p><\/p> <p>Die Justiz der Islamischen Republik Iran k\u00fcndigte den Erlass vorl\u00e4ufiger Urteile gegen sechs in Teheran festgenommene Demonstranten an und f\u00fcgte hinzu, dass das Revolutionsgericht einen Demonstranten zu \u201eHinrichtung\u201c und f\u00fcnf weitere zu f\u00fcnf bis zehn Jahren Gef\u00e4ngnis verurteilt habe. Gleichzeitig k\u00fcndigten auch die Gerichte der zentralen Provinzen Isfahan und Hormozgan die Erhebung von Anklagen gegen 750 Demonstranten an.<\/p>\n<img src=\"https:\/\/rechtaufleben.org\/ral\/wp-content\/uploads\/2023\/03\/Hinrichtung_2-1-1024x757-364x240-1.jpg\" title=\"227 Abgeordnete des iranischen Parlaments forderten die Hinrichtung der Demonstranten\" alt=\"227 Abgeordnete des iranischen Parlaments forderten die Hinrichtung der Demonstranten\">\n<p>Nach Angaben des Informationszentrums der iranischen Justiz: \u201eDie Person, die ein Regierungszentrum in Brand gesteckt hat, wurde beschuldigt, die \u00f6ffentliche Ordnung und den Frieden gest\u00f6rt, sich versammelt und verschworen zu haben, um eine kriminelle Tat gegen die nationale Sicherheit, Krieg und Korruption im Land, Krieg durch Brandstiftung, Volksverhetzung und vors\u00e4tzliche Zerst\u00f6rung zu begehen. Diese Person wurde zum Tode verurteilt.\u201c<\/p>","_links":{"self":[{"href":"https:\/\/rechtaufleben.org\/ral\/wp-json\/wp\/v2\/posts\/610","targetHints":{"allow":["GET"]}}],"collection":[{"href":"https:\/\/rechtaufleben.org\/ral\/wp-json\/wp\/v2\/posts"}],"about":[{"href":"https:\/\/rechtaufleben.org\/ral\/wp-json\/wp\/v2\/types\/post"}],"author":[{"embeddable":true,"href":"https:\/\/rechtaufleben.org\/ral\/wp-json\/wp\/v2\/users\/1"}],"replies":[{"embeddable":true,"href":"https:\/\/rechtaufleben.org\/ral\/wp-json\/wp\/v2\/comments?post=610"}],"version-history":[{"count":0,"href":"https:\/\/rechtaufleben.org\/ral\/wp-json\/wp\/v2\/posts\/610\/revisions"}],"wp:attachment":[{"href":"https:\/\/rechtaufleben.org\/ral\/wp-json\/wp\/v2\/media?parent=610"}],"wp:term":[{"taxonomy":"category","embeddable":true,"href":"https:\/\/rechtaufleben.org\/ral\/wp-json\/wp\/v2\/categories?post=610"},{"taxonomy":"post_tag","embeddable":true,"href":"https:\/\/rechtaufleben.org\/ral\/wp-json\/wp\/v2\/tags?post=610"}],"curies":[{"name":"wp","href":"https:\/\/api.w.org\/{rel}","templated":true}]}}