{"id":6470,"date":"2022-08-25T12:09:04","date_gmt":"2022-08-25T10:09:04","guid":{"rendered":"https:\/\/rechtaufleben.org\/ral\/?p=78"},"modified":"2025-10-16T10:16:42","modified_gmt":"2025-10-16T08:16:42","slug":"iran-regimekritische-studenten-in-unrechtmasiger-haft","status":"publish","type":"post","link":"https:\/\/rechtaufleben.org\/ral\/iran-regimekritische-studenten-in-unrechtmasiger-haft\/","title":{"rendered":"Iran: Regimekritische Studenten in unrechtm\u00e4\u00dfiger Haft"},"content":{"rendered":"<!--themify_builder_content-->\n<div id=\"themify_builder_content-6470\" data-postid=\"6470\" class=\"themify_builder_content themify_builder_content-6470 themify_builder tf_clear\">\n                    <div  data-lazy=\"1\" class=\"module_row themify_builder_row tb_iwow945 tb_first tf_w\">\n                        <div class=\"row_inner col_align_top tb_col_count_1 tf_box tf_rel\">\n                        <div  data-lazy=\"1\" class=\"module_column tb-column col-full tb_no8c946 first\">\n                    <!-- module text -->\n<div  class=\"module module-text tb_g2pq279   \" data-lazy=\"1\">\n        <div  class=\"tb_text_wrap\">\n        <p><span style=\"color: #000000;\">Amnesty International fordert die Freilassung der beiden Studenten Ali Younesi und Amirhossein Moradi, die nur aufgrund der tats\u00e4chlichen oder vermeintlichen Verbindungen ihrer Familien zu oppositionellen Gruppen sowie ihrer friedlichen Teilnahme an Protesten zu jeweils 16 Jahren Gef\u00e4ngnis verurteilt wurden.<\/span><\/p>    <\/div>\n<\/div>\n<!-- \/module text -->        <\/div>\n                        <\/div>\n        <\/div>\n                        <div  data-lazy=\"1\" class=\"module_row themify_builder_row tb_jqke195 tf_w\">\n                        <div class=\"row_inner col_align_top tb_col_count_2 tf_box tf_rel\">\n                        <div  data-lazy=\"1\" class=\"module_column tb-column col4-2 tb_cf0m196 first\">\n                    <!-- module image -->\n<div  class=\"module module-image tb_be08887 image-top   tf_mw\" data-lazy=\"1\">\n        <div class=\"image-wrap tf_rel tf_mw\">\n            <img decoding=\"async\" src=\"https:\/\/rechtaufleben.org\/ral\/wp-content\/uploads\/2022\/08\/Studenten-250-1-150x150-1.jpg\" title=\"Iran: Regimekritische Studenten in unrechtm\u00e4\u00dfiger Haft\" alt=\"Iran: Regimekritische Studenten in unrechtm\u00e4\u00dfiger Haft\">    \n        <\/div>\n    <!-- \/image-wrap -->\n    \n        <\/div>\n<!-- \/module image -->        <\/div>\n                    <div  data-lazy=\"1\" class=\"module_column tb-column col4-2 tb_3rse196 last\">\n                    <!-- module text -->\n<div  class=\"module module-text tb_tlsu367   \" data-lazy=\"1\">\n        <div  class=\"tb_text_wrap\">\n        <p><span style=\"color: #000000;\">Ali Younesi und Amirhossein Moradi (Bild rechts) werden seit April 2020 im Teheraner Evin-Gef\u00e4ngnis festgehalten. Die beiden 22-j\u00e4hrigen Studenten wurden Ende April 2022 von einem Regime-Gericht in Teheran zu jeweils 16 Jahren Haft verurteilt. Die Willk\u00fcrurteile wurden nach einem grob unfairen Gerichtprozess aufgrund von fadenscheinigen Anklagen gef\u00e4llt. Die Machthaber im Iran wollen mit solchen Bestrafungen regimekritische Studierende einsch\u00fcchtern und jegliche Proteste f\u00fcr Freiheit an iranischen Hochschulen im Keim ersticken.<\/span><\/p>    <\/div>\n<\/div>\n<!-- \/module text -->        <\/div>\n                        <\/div>\n        <\/div>\n                        <div  data-lazy=\"1\" class=\"module_row themify_builder_row tb_6pbf195 tf_w\">\n                        <div class=\"row_inner col_align_top tb_col_count_1 tf_box tf_rel\">\n                        <div  data-lazy=\"1\" class=\"module_column tb-column col-full tb_rbay196 first\">\n                    <!-- module text -->\n<div  class=\"module module-text tb_dlbq204   \" data-lazy=\"1\">\n        <div  class=\"tb_text_wrap\">\n        <p><!-- wp:paragraph --><\/p>\n<p><span style=\"color: #000000;\">Nach Angaben von Amnesty International beruhte die Verurteilung von Ali Younesi und Amirhossein Moradi auf &#8220;Gest\u00e4ndnissen&#8221;, die beide Studenten vor Gericht widerriefen, weil sie nach ihren Angaben unter Folter und anderen Misshandlungen erzwungen worden waren. Amnesty fordert, dass Ali Younesi und Amirhossein Moradi, die nur aufgrund der tats\u00e4chlichen oder vermeintlichen Verbindungen ihrer Angeh\u00f6rigen zu oppositionellen Gruppen sowie ihrer friedlichen Teilnahme an Protesten festgehalten werden, unverz\u00fcglich und bedingungslos freigelassen und ihre ungerechtfertigten Verurteilungen aufgehoben werden.<\/span><\/p>\n<p><span style=\"color: #000000;\"><!-- \/wp:paragraph --><!-- wp:paragraph --><\/span><\/p>\n<p><span style=\"color: #000000;\">In der<\/span>\u00a0<a href=\"https:\/\/www.amnesty.de\/mitmachen\/urgent-action\/iran-studenten-freilassen-2022-08-05\">Urgent Action von Amnesty<\/a>\u00a0<span style=\"color: #000000;\">vom 4. August 2022 hei\u00dft es u.a.:<br \/><\/span><span style=\"color: #000000;\">\u201eAngeh\u00f6rige des Geheimdienstministeriums haben Ali Younesi und Amirhossein Moradi gefoltert und anderweitig misshandelt, indem sie den beiden Studenten schwere Schmerzen und Leiden zuf\u00fcgten, um &#8220;Gest\u00e4ndnisse&#8221; zu erzwingen. Nach ihrer Festnahme am 10. April 2020 waren sie 808 Tage in separaten Zellen in der Abteilung 209 des Evin-Gef\u00e4ngnisses inhaftiert. In den ersten 60 Tagen wurden sie in kleinen fensterlosen R\u00e4umen bei 24-st\u00fcndiger greller Beleuchtung in Einzelhaft gehalten. Dies f\u00fchrte dazu, dass sie jegliches Tag- und Nachtgef\u00fchl verloren und unter schweren Stress- und Schmerzust\u00e4nden litten. Ali Younesi erz\u00e4hlte, er habe nur schlafen k\u00f6nnen, indem er seine Augen mit seinem T-Shirt bedeckte. W\u00e4hrend ihrer Inhaftierung in der Abteilung 209 beschr\u00e4nkten die Sicherheitskr\u00e4fte ihren Zugang zu frischer Luft und nat\u00fcrlichem Licht auf zweimal w\u00f6chentlich 20 Minuten und verweigerten ihnen pers\u00f6nliche Besuche ihrer Familien.<\/span><\/p>\n<p><span style=\"color: #000000;\"><!-- \/wp:paragraph --><!-- wp:paragraph --><\/span><\/p>\n<p><!-- \/wp:paragraph --><!-- wp:paragraph --><\/p>\n<p><span style=\"color: #000000;\">Ali Younesi teilte seiner Familie mit, dass ihm eine angemessene medizinische Versorgung f\u00fcr eine Verletzungen am linken Auge verweigert wurde, die ihm Angeh\u00f6rige des Geheimdienstministeriums zugef\u00fcgt hatten. Er wurde seit seiner Festnahme noch nicht augen\u00e4rztlich untersucht. Amirhossein Moradi berichtete ebenfalls, w\u00e4hrend seiner Festnahme brutal geschlagen worden zu sein. Am 26. Juni 2022 wurden die beiden in den allgemeinen Trakt des Teheraner Evin-Gef\u00e4ngnisses verlegt.\u201c<br \/><a href=\"https:\/\/www.amnesty.de\/mitmachen\/urgent-action\/iran-studenten-freilassen-2022-08-05\">mehr Informationen<\/a><br \/><\/span><!-- \/wp:paragraph --><\/p>    <\/div>\n<\/div>\n<!-- \/module text -->        <\/div>\n                        <\/div>\n        <\/div>\n        <\/div>\n<!--\/themify_builder_content-->","protected":false},"excerpt":{"rendered":"<p>Amnesty International fordert die Freilassung der beiden Studenten Ali Younesi und Amirhossein Moradi, die nur aufgrund der tats\u00e4chlichen oder vermeintlichen Verbindungen ihrer Familien zu oppositionellen Gruppen sowie ihrer&hellip;<\/p>\n","protected":false},"author":1,"featured_media":0,"comment_status":"open","ping_status":"open","sticky":false,"template":"","format":"standard","meta":{"give_campaign_id":0,"footnotes":""},"categories":[64,68],"tags":[],"class_list":["post-6470","post","type-post","status-publish","format-standard","hentry","category-aktuelles","category-uncategorized"],"builder_content":"<p>Amnesty International fordert die Freilassung der beiden Studenten Ali Younesi und Amirhossein Moradi, die nur aufgrund der tats\u00e4chlichen oder vermeintlichen Verbindungen ihrer Familien zu oppositionellen Gruppen sowie ihrer friedlichen Teilnahme an Protesten zu jeweils 16 Jahren Gef\u00e4ngnis verurteilt wurden.<\/p>\n<img src=\"https:\/\/rechtaufleben.org\/ral\/wp-content\/uploads\/2022\/08\/Studenten-250-1-150x150-1.jpg\" title=\"Iran: Regimekritische Studenten in unrechtm\u00e4\u00dfiger Haft\" alt=\"Iran: Regimekritische Studenten in unrechtm\u00e4\u00dfiger Haft\">\n<p>Ali Younesi und Amirhossein Moradi (Bild rechts) werden seit April 2020 im Teheraner Evin-Gef\u00e4ngnis festgehalten. Die beiden 22-j\u00e4hrigen Studenten wurden Ende April 2022 von einem Regime-Gericht in Teheran zu jeweils 16 Jahren Haft verurteilt. Die Willk\u00fcrurteile wurden nach einem grob unfairen Gerichtprozess aufgrund von fadenscheinigen Anklagen gef\u00e4llt. Die Machthaber im Iran wollen mit solchen Bestrafungen regimekritische Studierende einsch\u00fcchtern und jegliche Proteste f\u00fcr Freiheit an iranischen Hochschulen im Keim ersticken.<\/p>\n<p><\/p> <p>Nach Angaben von Amnesty International beruhte die Verurteilung von Ali Younesi und Amirhossein Moradi auf \"Gest\u00e4ndnissen\", die beide Studenten vor Gericht widerriefen, weil sie nach ihren Angaben unter Folter und anderen Misshandlungen erzwungen worden waren. Amnesty fordert, dass Ali Younesi und Amirhossein Moradi, die nur aufgrund der tats\u00e4chlichen oder vermeintlichen Verbindungen ihrer Angeh\u00f6rigen zu oppositionellen Gruppen sowie ihrer friedlichen Teilnahme an Protesten festgehalten werden, unverz\u00fcglich und bedingungslos freigelassen und ihre ungerechtfertigten Verurteilungen aufgehoben werden.<\/p> <p><\/p> <p>In der\u00a0<a href=\"https:\/\/www.amnesty.de\/mitmachen\/urgent-action\/iran-studenten-freilassen-2022-08-05\">Urgent Action von Amnesty<\/a>\u00a0vom 4. August 2022 hei\u00dft es u.a.:<br \/>\u201eAngeh\u00f6rige des Geheimdienstministeriums haben Ali Younesi und Amirhossein Moradi gefoltert und anderweitig misshandelt, indem sie den beiden Studenten schwere Schmerzen und Leiden zuf\u00fcgten, um \"Gest\u00e4ndnisse\" zu erzwingen. Nach ihrer Festnahme am 10. April 2020 waren sie 808 Tage in separaten Zellen in der Abteilung 209 des Evin-Gef\u00e4ngnisses inhaftiert. In den ersten 60 Tagen wurden sie in kleinen fensterlosen R\u00e4umen bei 24-st\u00fcndiger greller Beleuchtung in Einzelhaft gehalten. Dies f\u00fchrte dazu, dass sie jegliches Tag- und Nachtgef\u00fchl verloren und unter schweren Stress- und Schmerzust\u00e4nden litten. Ali Younesi erz\u00e4hlte, er habe nur schlafen k\u00f6nnen, indem er seine Augen mit seinem T-Shirt bedeckte. W\u00e4hrend ihrer Inhaftierung in der Abteilung 209 beschr\u00e4nkten die Sicherheitskr\u00e4fte ihren Zugang zu frischer Luft und nat\u00fcrlichem Licht auf zweimal w\u00f6chentlich 20 Minuten und verweigerten ihnen pers\u00f6nliche Besuche ihrer Familien.<\/p> <p><\/p> <p><\/p> <p>Ali Younesi teilte seiner Familie mit, dass ihm eine angemessene medizinische Versorgung f\u00fcr eine Verletzungen am linken Auge verweigert wurde, die ihm Angeh\u00f6rige des Geheimdienstministeriums zugef\u00fcgt hatten. Er wurde seit seiner Festnahme noch nicht augen\u00e4rztlich untersucht. Amirhossein Moradi berichtete ebenfalls, w\u00e4hrend seiner Festnahme brutal geschlagen worden zu sein. Am 26. Juni 2022 wurden die beiden in den allgemeinen Trakt des Teheraner Evin-Gef\u00e4ngnisses verlegt.\u201c<br \/><a href=\"https:\/\/www.amnesty.de\/mitmachen\/urgent-action\/iran-studenten-freilassen-2022-08-05\">mehr Informationen<\/a><br \/><\/p>","_links":{"self":[{"href":"https:\/\/rechtaufleben.org\/ral\/wp-json\/wp\/v2\/posts\/6470","targetHints":{"allow":["GET"]}}],"collection":[{"href":"https:\/\/rechtaufleben.org\/ral\/wp-json\/wp\/v2\/posts"}],"about":[{"href":"https:\/\/rechtaufleben.org\/ral\/wp-json\/wp\/v2\/types\/post"}],"author":[{"embeddable":true,"href":"https:\/\/rechtaufleben.org\/ral\/wp-json\/wp\/v2\/users\/1"}],"replies":[{"embeddable":true,"href":"https:\/\/rechtaufleben.org\/ral\/wp-json\/wp\/v2\/comments?post=6470"}],"version-history":[{"count":0,"href":"https:\/\/rechtaufleben.org\/ral\/wp-json\/wp\/v2\/posts\/6470\/revisions"}],"wp:attachment":[{"href":"https:\/\/rechtaufleben.org\/ral\/wp-json\/wp\/v2\/media?parent=6470"}],"wp:term":[{"taxonomy":"category","embeddable":true,"href":"https:\/\/rechtaufleben.org\/ral\/wp-json\/wp\/v2\/categories?post=6470"},{"taxonomy":"post_tag","embeddable":true,"href":"https:\/\/rechtaufleben.org\/ral\/wp-json\/wp\/v2\/tags?post=6470"}],"curies":[{"name":"wp","href":"https:\/\/api.w.org\/{rel}","templated":true}]}}