{"id":6471,"date":"2022-08-25T13:15:36","date_gmt":"2022-08-25T11:15:36","guid":{"rendered":"https:\/\/rechtaufleben.org\/ral\/?p=176"},"modified":"2025-10-16T09:35:44","modified_gmt":"2025-10-16T07:35:44","slug":"osterreichs-verkehrs-und-dienstleistungsgewerkschaft-vida-setzt-sich-fur-iranische-gewerkschaftsaktivistinnen-ein","status":"publish","type":"post","link":"https:\/\/rechtaufleben.org\/ral\/osterreichs-verkehrs-und-dienstleistungsgewerkschaft-vida-setzt-sich-fur-iranische-gewerkschaftsaktivistinnen-ein\/","title":{"rendered":"\u00d6sterreichs Verkehrs- und Dienstleistungsgewerkschaft vida setzt sich f\u00fcr iranische GewerkschaftsaktivistInnen ein"},"content":{"rendered":"<!--themify_builder_content-->\n<div id=\"themify_builder_content-6471\" data-postid=\"6471\" class=\"themify_builder_content themify_builder_content-6471 themify_builder tf_clear\">\n                    <div  data-lazy=\"1\" class=\"module_row themify_builder_row tb_lag6214 tb_first tf_w\">\n                        <div class=\"row_inner col_align_top tb_col_count_1 tf_box tf_rel\">\n                        <div  data-lazy=\"1\" class=\"module_column tb-column col-full tb_h0uc216 first\">\n                    <!-- module text -->\n<div  class=\"module module-text tb_5gcz409   \" data-lazy=\"1\">\n        <div  class=\"tb_text_wrap\">\n        <p><span style=\"color: #000000;\">Im Iran haben Mitglieder von Gewerkschaften, darunter zahlreiche Lehrkr\u00e4fte, in den vergangenen Monaten landesweite Proteste f\u00fcr soziale Gerechtigkeit und gegen die Unterdr\u00fcckung organisiert. Das Teheraner Regime reagiert mit Repression und Massenverhaftungen. Die \u00f6sterreichische Verkehrs- und Dienstleistungsgewerkschaft vida fordert die Freilassung der inhaftierten GewerkschaftsaktivistInnen.<\/span><\/p>    <\/div>\n<\/div>\n<!-- \/module text -->        <\/div>\n                        <\/div>\n        <\/div>\n                        <div  data-lazy=\"1\" class=\"module_row themify_builder_row tb_094v37 tf_w\">\n                        <div class=\"row_inner col_align_top tb_col_count_2 tf_box tf_rel\">\n                        <div  data-lazy=\"1\" class=\"module_column tb-column col4-2 tb_yvds37 first\">\n                    <!-- module image -->\n<div  class=\"module module-image tb_tzw2441 image-top   tf_mw\" data-lazy=\"1\">\n        <div class=\"image-wrap tf_rel tf_mw\">\n            <img decoding=\"async\" src=\"https:\/\/rechtaufleben.org\/ral\/wp-content\/uploads\/2022\/08\/Vida-150-1-1.jpg\" title=\"\u00d6sterreichs Verkehrs- und Dienstleistungsgewerkschaft vida setzt sich f\u00fcr iranische GewerkschaftsaktivistInnen ein\" alt=\"\u00d6sterreichs Verkehrs- und Dienstleistungsgewerkschaft vida setzt sich f\u00fcr iranische GewerkschaftsaktivistInnen ein\">    \n        <\/div>\n    <!-- \/image-wrap -->\n    \n        <\/div>\n<!-- \/module image -->        <\/div>\n                    <div  data-lazy=\"1\" class=\"module_column tb-column col4-2 tb_7yx938 last\">\n                    <!-- module text -->\n<div  class=\"module module-text tb_rxlg164   \" data-lazy=\"1\">\n        <div  class=\"tb_text_wrap\">\n        <p><span style=\"color: #000000;\"><em>In einer Pressemitteilung der Gewerkschaft hei\u00dft es dazu u.a.:<\/em> \u201eSeit Monaten machen iranische Arbeitnehmerinnen und Arbeitnehmer von ihrem Menschenrecht auf Versammlungsfreiheit Gebrauch, um f\u00fcr ihre Forderungen einzutreten. Ausl\u00f6ser f\u00fcr die Proteste war der Zusammenbruch der iranischen Wirtschaft, in der die Lebenshaltungskosten dramatisch stiegen, die L\u00f6hne aber auf dem gleichen Niveau blieben. Oft erhielten die Besch\u00e4ftigten \u00fcberhaupt keine L\u00f6hne. Das autorit\u00e4re Regime ringt um die wirtschaftliche Kontrolle des Landes.<\/span><\/p>    <\/div>\n<\/div>\n<!-- \/module text -->        <\/div>\n                        <\/div>\n        <\/div>\n                        <div  data-lazy=\"1\" class=\"module_row themify_builder_row tb_4t9x20 tf_w\">\n                        <div class=\"row_inner col_align_top tb_col_count_1 tf_box tf_rel\">\n                        <div  data-lazy=\"1\" class=\"module_column tb-column col-full tb_d0ma21 first\">\n                    <!-- module text -->\n<div  class=\"module module-text tb_hka4586   \" data-lazy=\"1\">\n        <div  class=\"tb_text_wrap\">\n        <p><!-- wp:paragraph --><\/p>\n<p><span style=\"color: #000000;\"><strong>Brutale Staatsgewalt statt Dialog<\/strong><\/span><\/p>\n<p><span style=\"color: #000000;\"><!-- \/wp:paragraph --> <!-- wp:paragraph --><\/span><\/p>\n<p><span style=\"color: #000000;\">Statt in einen Dialog mit den streikenden und demonstrierenden GewerkschafterInnen zu treten, reagierten die Beh\u00f6rden und die Regierung des Iran mit Repressionen und der Verfolgung von gewerkschaftlichen AktivistInnen. Einige GewerkschafterInnen, die zu Protesten aufriefen, wurden verhaftet und sitzen nun schon seit Anfang Mai ohne Anklage in Isolationshaft.<\/span><\/p>\n<p><span style=\"color: #000000;\"><!-- \/wp:paragraph --> <!-- wp:paragraph --><\/span><\/p>\n<p><span style=\"color: #000000;\"><strong>vida fordert unverz\u00fcgliche Freilassung<\/strong><\/span><\/p>\n<p><span style=\"color: #000000;\"><!-- \/wp:paragraph --> <!-- wp:paragraph --><\/span><\/p>\n<p><span style=\"color: #000000;\">Die Br\u00fcder Reza Shahabi und Hasan Saeedi, beide Mitglieder der iranischen Gewerkschaft Tehran and Suburbs Bus Company Workers&#8217; Union, sind zwei von mehreren GewerkschaftsaktivistInnen, die unter fadenscheinigen Anschuldigungen verhaftet wurden. Die beiden Br\u00fcder befinden sich seither aus Protest im Hungerstreik.\u00a0 Neben 11 Teheraner Busfahrern wurden auch Lehrkr\u00e4fte und andere AktivistInnen verhaftet und gefoltert.<\/span><\/p>\n<p><span style=\"color: #000000;\"><!-- \/wp:paragraph --> <!-- wp:paragraph --><\/span><\/p>\n<p><span style=\"color: #000000;\">Die Gewerkschaft vida und die Internationale Transportarbeiter-F\u00f6deration (ITF) schlie\u00dfen sich einem breiten Spektrum von Organisationen an und verurteilen die Verhaftungen und Misshandlungen. vida und ITF werden sich auch weiterhin f\u00fcr die Einhaltung der Menschenrechte f\u00fcr die Besch\u00e4ftigen im Iran einsetzen.\u201c<\/span><\/p>\n<p><span style=\"color: #000000;\"><!-- \/wp:paragraph --><\/span><\/p>    <\/div>\n<\/div>\n<!-- \/module text -->        <\/div>\n                        <\/div>\n        <\/div>\n        <\/div>\n<!--\/themify_builder_content-->","protected":false},"excerpt":{"rendered":"<p>Im Iran haben Mitglieder von Gewerkschaften, darunter zahlreiche Lehrkr\u00e4fte, in den vergangenen Monaten landesweite Proteste f\u00fcr soziale Gerechtigkeit und gegen die Unterdr\u00fcckung organisiert. Das Teheraner Regime reagiert mit&hellip;<\/p>\n","protected":false},"author":1,"featured_media":0,"comment_status":"open","ping_status":"open","sticky":false,"template":"","format":"standard","meta":{"give_campaign_id":0,"footnotes":""},"categories":[64,66,67,68],"tags":[],"class_list":["post-6471","post","type-post","status-publish","format-standard","hentry","category-aktuelles","category-internationales","category-menschenrechtsarbeit","category-uncategorized"],"builder_content":"<p>Im Iran haben Mitglieder von Gewerkschaften, darunter zahlreiche Lehrkr\u00e4fte, in den vergangenen Monaten landesweite Proteste f\u00fcr soziale Gerechtigkeit und gegen die Unterdr\u00fcckung organisiert. Das Teheraner Regime reagiert mit Repression und Massenverhaftungen. Die \u00f6sterreichische Verkehrs- und Dienstleistungsgewerkschaft vida fordert die Freilassung der inhaftierten GewerkschaftsaktivistInnen.<\/p>\n<img src=\"https:\/\/rechtaufleben.org\/ral\/wp-content\/uploads\/2022\/08\/Vida-150-1-1.jpg\" title=\"\u00d6sterreichs Verkehrs- und Dienstleistungsgewerkschaft vida setzt sich f\u00fcr iranische GewerkschaftsaktivistInnen ein\" alt=\"\u00d6sterreichs Verkehrs- und Dienstleistungsgewerkschaft vida setzt sich f\u00fcr iranische GewerkschaftsaktivistInnen ein\">\n<p><em>In einer Pressemitteilung der Gewerkschaft hei\u00dft es dazu u.a.:<\/em> \u201eSeit Monaten machen iranische Arbeitnehmerinnen und Arbeitnehmer von ihrem Menschenrecht auf Versammlungsfreiheit Gebrauch, um f\u00fcr ihre Forderungen einzutreten. Ausl\u00f6ser f\u00fcr die Proteste war der Zusammenbruch der iranischen Wirtschaft, in der die Lebenshaltungskosten dramatisch stiegen, die L\u00f6hne aber auf dem gleichen Niveau blieben. Oft erhielten die Besch\u00e4ftigten \u00fcberhaupt keine L\u00f6hne. Das autorit\u00e4re Regime ringt um die wirtschaftliche Kontrolle des Landes.<\/p>\n<p><\/p> <p><strong>Brutale Staatsgewalt statt Dialog<\/strong><\/p> <p> <\/p> <p>Statt in einen Dialog mit den streikenden und demonstrierenden GewerkschafterInnen zu treten, reagierten die Beh\u00f6rden und die Regierung des Iran mit Repressionen und der Verfolgung von gewerkschaftlichen AktivistInnen. Einige GewerkschafterInnen, die zu Protesten aufriefen, wurden verhaftet und sitzen nun schon seit Anfang Mai ohne Anklage in Isolationshaft.<\/p> <p> <\/p> <p><strong>vida fordert unverz\u00fcgliche Freilassung<\/strong><\/p> <p> <\/p> <p>Die Br\u00fcder Reza Shahabi und Hasan Saeedi, beide Mitglieder der iranischen Gewerkschaft Tehran and Suburbs Bus Company Workers' Union, sind zwei von mehreren GewerkschaftsaktivistInnen, die unter fadenscheinigen Anschuldigungen verhaftet wurden. Die beiden Br\u00fcder befinden sich seither aus Protest im Hungerstreik.\u00a0 Neben 11 Teheraner Busfahrern wurden auch Lehrkr\u00e4fte und andere AktivistInnen verhaftet und gefoltert.<\/p> <p> <\/p> <p>Die Gewerkschaft vida und die Internationale Transportarbeiter-F\u00f6deration (ITF) schlie\u00dfen sich einem breiten Spektrum von Organisationen an und verurteilen die Verhaftungen und Misshandlungen. vida und ITF werden sich auch weiterhin f\u00fcr die Einhaltung der Menschenrechte f\u00fcr die Besch\u00e4ftigen im Iran einsetzen.\u201c<\/p> <p><\/p>","_links":{"self":[{"href":"https:\/\/rechtaufleben.org\/ral\/wp-json\/wp\/v2\/posts\/6471","targetHints":{"allow":["GET"]}}],"collection":[{"href":"https:\/\/rechtaufleben.org\/ral\/wp-json\/wp\/v2\/posts"}],"about":[{"href":"https:\/\/rechtaufleben.org\/ral\/wp-json\/wp\/v2\/types\/post"}],"author":[{"embeddable":true,"href":"https:\/\/rechtaufleben.org\/ral\/wp-json\/wp\/v2\/users\/1"}],"replies":[{"embeddable":true,"href":"https:\/\/rechtaufleben.org\/ral\/wp-json\/wp\/v2\/comments?post=6471"}],"version-history":[{"count":0,"href":"https:\/\/rechtaufleben.org\/ral\/wp-json\/wp\/v2\/posts\/6471\/revisions"}],"wp:attachment":[{"href":"https:\/\/rechtaufleben.org\/ral\/wp-json\/wp\/v2\/media?parent=6471"}],"wp:term":[{"taxonomy":"category","embeddable":true,"href":"https:\/\/rechtaufleben.org\/ral\/wp-json\/wp\/v2\/categories?post=6471"},{"taxonomy":"post_tag","embeddable":true,"href":"https:\/\/rechtaufleben.org\/ral\/wp-json\/wp\/v2\/tags?post=6471"}],"curies":[{"name":"wp","href":"https:\/\/api.w.org\/{rel}","templated":true}]}}