{"id":6472,"date":"2022-09-18T15:53:20","date_gmt":"2022-09-18T13:53:20","guid":{"rendered":"https:\/\/rechtaufleben.org\/ral\/?p=377"},"modified":"2022-09-18T15:53:20","modified_gmt":"2022-09-18T13:53:20","slug":"eine-frau-in-zahedan-gehangt","status":"publish","type":"post","link":"https:\/\/rechtaufleben.org\/ral\/eine-frau-in-zahedan-gehangt\/","title":{"rendered":"Eine Frau in Zahedan geh\u00e4ngt"},"content":{"rendered":"\n<p>Das klerikale Regime im Iran setzt seinen Hinrichtungsrausch im ganzen Land fort. Eine Frau und vier M\u00e4nner wurden am Samstag, dem 10. September 2022, im Zentralgef\u00e4ngnis von Zahedan erh\u00e4ngt. Die Identit\u00e4t der Frau ist noch unbekannt. Die in Zahedan geh\u00e4ngte Frau ist die 142. Frau, deren Hinrichtung seit August 2013 registriert worden ist. Im Iran werden jedes Jahr durchschnittlich 15 Frauen hingerichtet. Allerdings wurden unter Ebrahim Raisi in nur einem Jahr 22 Frauen hingerichtet. Die nicht identifizierte Frau in Zahedan ist die 23. Frau, die unter Ebrahim Raisi hingerichtet wurde.<\/p>\n\n\n<!-- wp:themify-builder\/canvas \/-->\n\n<!--themify_builder_static--><!--\/themify_builder_static-->","protected":false},"excerpt":{"rendered":"<p>Das klerikale Regime im Iran setzt seinen Hinrichtungsrausch im ganzen Land fort. Eine Frau und vier M\u00e4nner wurden am Samstag, dem 10. September 2022, im Zentralgef\u00e4ngnis von Zahedan&hellip;<\/p>\n","protected":false},"author":1,"featured_media":0,"comment_status":"open","ping_status":"open","sticky":false,"template":"","format":"standard","meta":{"give_campaign_id":0,"footnotes":""},"categories":[64,65,68],"tags":[],"class_list":["post-6472","post","type-post","status-publish","format-standard","hentry","category-aktuelles","category-frauen","category-uncategorized"],"builder_content":"","_links":{"self":[{"href":"https:\/\/rechtaufleben.org\/ral\/wp-json\/wp\/v2\/posts\/6472","targetHints":{"allow":["GET"]}}],"collection":[{"href":"https:\/\/rechtaufleben.org\/ral\/wp-json\/wp\/v2\/posts"}],"about":[{"href":"https:\/\/rechtaufleben.org\/ral\/wp-json\/wp\/v2\/types\/post"}],"author":[{"embeddable":true,"href":"https:\/\/rechtaufleben.org\/ral\/wp-json\/wp\/v2\/users\/1"}],"replies":[{"embeddable":true,"href":"https:\/\/rechtaufleben.org\/ral\/wp-json\/wp\/v2\/comments?post=6472"}],"version-history":[{"count":0,"href":"https:\/\/rechtaufleben.org\/ral\/wp-json\/wp\/v2\/posts\/6472\/revisions"}],"wp:attachment":[{"href":"https:\/\/rechtaufleben.org\/ral\/wp-json\/wp\/v2\/media?parent=6472"}],"wp:term":[{"taxonomy":"category","embeddable":true,"href":"https:\/\/rechtaufleben.org\/ral\/wp-json\/wp\/v2\/categories?post=6472"},{"taxonomy":"post_tag","embeddable":true,"href":"https:\/\/rechtaufleben.org\/ral\/wp-json\/wp\/v2\/tags?post=6472"}],"curies":[{"name":"wp","href":"https:\/\/api.w.org\/{rel}","templated":true}]}}