{"id":696,"date":"2022-11-29T13:44:55","date_gmt":"2022-11-29T12:44:55","guid":{"rendered":"https:\/\/rechtaufleben.org\/ral\/?p=696"},"modified":"2025-10-16T08:29:30","modified_gmt":"2025-10-16T06:29:30","slug":"baerbock-verlangt-untersuchung-von-gewalt-gegen-demonstrirende-im-iran","status":"publish","type":"post","link":"https:\/\/rechtaufleben.org\/ral\/baerbock-verlangt-untersuchung-von-gewalt-gegen-demonstrirende-im-iran\/","title":{"rendered":"Baerbock verlangt Untersuchung von Gewalt gegen Demonstrirende im Iran"},"content":{"rendered":"<!--themify_builder_content-->\n<div id=\"themify_builder_content-696\" data-postid=\"696\" class=\"themify_builder_content themify_builder_content-696 themify_builder tf_clear\">\n                    <div  data-lazy=\"1\" class=\"module_row themify_builder_row tb_jcjc55 tb_first tf_w\">\n                        <div class=\"row_inner col_align_top tb_col_count_1 tf_box tf_rel\">\n                        <div  data-lazy=\"1\" class=\"module_column tb-column col-full tb_finx56 first\">\n                            <div  data-lazy=\"1\" class=\"module_subrow themify_builder_sub_row tf_w col_align_top tb_col_count_2 tb_mfph156\">\n                <div  data-lazy=\"1\" class=\"module_column sub_column col4-2 tb_miq2157 first\">\n                    <!-- module image -->\n<div  class=\"module module-image tb_hm0k516 image-top   tf_mw\" data-lazy=\"1\">\n        <div class=\"image-wrap tf_rel tf_mw\">\n            <img decoding=\"async\" src=\"https:\/\/rechtaufleben.org\/ral\/wp-content\/uploads\/2023\/03\/Protest_Okt.-2022-1-364x240-1.jpg\" title=\"Baerbock verlangt Untersuchung von Gewalt gegen Demonstrirende im Iran\" alt=\"Baerbock verlangt Untersuchung von Gewalt gegen Demonstrirende im Iran\">    \n        <\/div>\n    <!-- \/image-wrap -->\n    \n        <\/div>\n<!-- \/module image -->        <\/div>\n                    <div  data-lazy=\"1\" class=\"module_column sub_column col4-2 tb_9vuf157 last\">\n                    <!-- module text -->\n<div  class=\"module module-text tb_8w4p324   \" data-lazy=\"1\">\n        <div  class=\"tb_text_wrap\">\n        <p><span style=\"color: #000000;\">24.11.2022 &#8211; Au\u00dfenministerin Baerbock hat sich daf\u00fcr ausgesprochen, die Verantwortlichen f\u00fcr die Gewalt gegen Demonstrierende im Iran zur Rechenschaft zu ziehen. Derweil zeichnet UN-Menschenrechtskommissar T\u00fcrk ein d\u00fcsteres Bild f\u00fcr das Land.Bundesau\u00dfenministerin Annalena Baerbock hat eine Untersuchung der Gewalt gegen die Protestbewegung im Iran gefordert. Dazu brauche es einen unabh\u00e4ngigen Mechanismus, sagte die Gr\u00fcnen-Politikerin vor dem UN-Menschenrechtsrat in Genf. Ermittlungen k\u00f6nnten dazu beitragen, die Verantwortlichen zur Rechenschaft zu ziehen.&#8221;Heute wird unser Mut in den Vereinten Nationen, die Stimme zu erheben, getestet&#8221;, sagte Baerbock vor Hunderten Diplomatinnen und Diplomaten. Die Menschen im Iran wollten schlicht in W\u00fcrde und ohne Diskriminierung leben. Das islamische Regime reagiere mit Festnahmen, T\u00f6tungen und Hinrichtungen auf die Proteste, kritisierte Baerbock. Die Regierung in Teheran verletze grundlegende Menschenrechte wie die Meinungs- und die Versammlungsfreiheit.<\/span><\/p>    <\/div>\n<\/div>\n<!-- \/module text -->        <\/div>\n                    <\/div>\n                <\/div>\n                        <\/div>\n        <\/div>\n        <\/div>\n<!--\/themify_builder_content-->","protected":false},"excerpt":{"rendered":"<p>24.11.2022 &#8211; Au\u00dfenministerin Baerbock hat sich daf\u00fcr ausgesprochen, die Verantwortlichen f\u00fcr die Gewalt gegen Demonstrierende im Iran zur Rechenschaft zu ziehen. Derweil zeichnet UN-Menschenrechtskommissar T\u00fcrk ein d\u00fcsteres Bild&hellip;<\/p>\n","protected":false},"author":1,"featured_media":0,"comment_status":"open","ping_status":"closed","sticky":false,"template":"","format":"standard","meta":{"give_campaign_id":0,"footnotes":""},"categories":[64,66,67,68],"tags":[],"class_list":["post-696","post","type-post","status-publish","format-standard","hentry","category-aktuelles","category-internationales","category-menschenrechtsarbeit","category-uncategorized"],"builder_content":"<img src=\"https:\/\/rechtaufleben.org\/ral\/wp-content\/uploads\/2023\/03\/Protest_Okt.-2022-1-364x240-1.jpg\" title=\"Baerbock verlangt Untersuchung von Gewalt gegen Demonstrirende im Iran\" alt=\"Baerbock verlangt Untersuchung von Gewalt gegen Demonstrirende im Iran\">\n<p>24.11.2022 - Au\u00dfenministerin Baerbock hat sich daf\u00fcr ausgesprochen, die Verantwortlichen f\u00fcr die Gewalt gegen Demonstrierende im Iran zur Rechenschaft zu ziehen. Derweil zeichnet UN-Menschenrechtskommissar T\u00fcrk ein d\u00fcsteres Bild f\u00fcr das Land.Bundesau\u00dfenministerin Annalena Baerbock hat eine Untersuchung der Gewalt gegen die Protestbewegung im Iran gefordert. Dazu brauche es einen unabh\u00e4ngigen Mechanismus, sagte die Gr\u00fcnen-Politikerin vor dem UN-Menschenrechtsrat in Genf. Ermittlungen k\u00f6nnten dazu beitragen, die Verantwortlichen zur Rechenschaft zu ziehen.\"Heute wird unser Mut in den Vereinten Nationen, die Stimme zu erheben, getestet\", sagte Baerbock vor Hunderten Diplomatinnen und Diplomaten. Die Menschen im Iran wollten schlicht in W\u00fcrde und ohne Diskriminierung leben. Das islamische Regime reagiere mit Festnahmen, T\u00f6tungen und Hinrichtungen auf die Proteste, kritisierte Baerbock. Die Regierung in Teheran verletze grundlegende Menschenrechte wie die Meinungs- und die Versammlungsfreiheit.<\/p>","_links":{"self":[{"href":"https:\/\/rechtaufleben.org\/ral\/wp-json\/wp\/v2\/posts\/696","targetHints":{"allow":["GET"]}}],"collection":[{"href":"https:\/\/rechtaufleben.org\/ral\/wp-json\/wp\/v2\/posts"}],"about":[{"href":"https:\/\/rechtaufleben.org\/ral\/wp-json\/wp\/v2\/types\/post"}],"author":[{"embeddable":true,"href":"https:\/\/rechtaufleben.org\/ral\/wp-json\/wp\/v2\/users\/1"}],"replies":[{"embeddable":true,"href":"https:\/\/rechtaufleben.org\/ral\/wp-json\/wp\/v2\/comments?post=696"}],"version-history":[{"count":0,"href":"https:\/\/rechtaufleben.org\/ral\/wp-json\/wp\/v2\/posts\/696\/revisions"}],"wp:attachment":[{"href":"https:\/\/rechtaufleben.org\/ral\/wp-json\/wp\/v2\/media?parent=696"}],"wp:term":[{"taxonomy":"category","embeddable":true,"href":"https:\/\/rechtaufleben.org\/ral\/wp-json\/wp\/v2\/categories?post=696"},{"taxonomy":"post_tag","embeddable":true,"href":"https:\/\/rechtaufleben.org\/ral\/wp-json\/wp\/v2\/tags?post=696"}],"curies":[{"name":"wp","href":"https:\/\/api.w.org\/{rel}","templated":true}]}}