{"id":8439,"date":"2026-01-21T15:19:44","date_gmt":"2026-01-21T14:19:44","guid":{"rendered":"https:\/\/rechtaufleben.org\/ral\/?p=8439"},"modified":"2026-01-21T15:21:49","modified_gmt":"2026-01-21T14:21:49","slug":"monatlicher-menschenrechtsbericht-analyse-zur-lage-der-frauenrechte-im-iran","status":"publish","type":"post","link":"https:\/\/rechtaufleben.org\/ral\/monatlicher-menschenrechtsbericht-analyse-zur-lage-der-frauenrechte-im-iran\/","title":{"rendered":"Monatlicher Menschenrechtsbericht \u2013 Analyse zur Lage der Frauenrechte im Iran"},"content":{"rendered":"<!--themify_builder_content-->\n<div id=\"themify_builder_content-8439\" data-postid=\"8439\" class=\"themify_builder_content themify_builder_content-8439 themify_builder tf_clear\">\n                    <div  data-lazy=\"1\" class=\"module_row themify_builder_row tb_snx7707 tb_first tf_w\">\n                        <div class=\"row_inner col_align_top tb_col_count_1 tf_box tf_rel\">\n                        <div  data-lazy=\"1\" class=\"module_column tb-column col-full tb_kd4w708 first\">\n                    <!-- module text -->\n<div  class=\"module module-text tb_7hzr654   \" data-lazy=\"1\">\n        <div  class=\"tb_text_wrap\">\n        <div class=\"module_row themify_builder_row tb_e0dk561 tb_first tf_w\"><div class=\"row_inner col_align_top tb_col_count_1 tf_box tf_rel\"><div class=\"module_column tb-column col-full tb_qxts561 first\"><div class=\"module module-text tb_2fnd445\"><div class=\"tb_text_wrap\"><p>Der Oktober 2025 war mit nahezu\u00a0<strong>300 Hinrichtungen<\/strong>\u00a0der blutigste Monat im Iran seit 36 Jahren. Unter den Hingerichteten befanden sich mindestens\u00a0<strong>sieben Frauen<\/strong>\u00a0\u2013 eine der h\u00f6chsten Zahlen seit den 1980er Jahren.<\/p><p>Diese beispiellose Welle der Hinrichtungen verdeutlicht die\u00a0<strong>Angst und Verzweiflung<\/strong>\u00a0eines Regimes, das angesichts wachsender gesellschaftlicher Unzufriedenheit, wirtschaftlicher Krise und politischer Isolation versucht, eine neue landesweite Erhebung zu verhindern.<\/p><p>In den letzten Oktobertagen erlie\u00df das Regime ein weiteres Schockurteil:<\/p><p>Die\u00a0<strong>politische Gefangene Zahra Shahbaz Tabari<\/strong>, Unterst\u00fctzerin einer Oppositionsorganisation, wurde\u00a0<strong>zum Tode verurteilt<\/strong>\u00a0\u2013 ein historischer Pr\u00e4zedenzfall.<\/p><\/div><\/div><\/div><\/div><\/div><div class=\"module_row themify_builder_row tb_buam806 tf_w\"><div class=\"row_inner col_align_top tb_col_count_1 tf_box tf_rel\"><div class=\"module_column tb-column col-full tb_3gl8807 first\"><div class=\"module module-text tb_2es6426\"><div class=\"tb_text_wrap\"><p><strong><img loading=\"lazy\" decoding=\"async\" class=\"alignright size-medium wp-image-8549\" src=\"https:\/\/www.rechtaufleben.org\/ral\/wp-content\/uploads\/2025\/11\/vlcsnap-2025-11-11-10h23m05s544-300x166.png\" sizes=\"(max-width: 300px) 100vw, 300px\" srcset=\"https:\/\/www.rechtaufleben.org\/ral\/wp-content\/uploads\/2025\/11\/vlcsnap-2025-11-11-10h23m05s544-300x166.png 300w, https:\/\/www.rechtaufleben.org\/ral\/wp-content\/uploads\/2025\/11\/vlcsnap-2025-11-11-10h23m05s544-370x205.png 370w, https:\/\/www.rechtaufleben.org\/ral\/wp-content\/uploads\/2025\/11\/vlcsnap-2025-11-11-10h23m05s544-700x387.png 700w, https:\/\/www.rechtaufleben.org\/ral\/wp-content\/uploads\/2025\/11\/vlcsnap-2025-11-11-10h23m05s544.png 752w\" alt=\"\" width=\"300\" height=\"166\" \/>Fall Zahra Shahbaz Tabari<\/strong><\/p><p>\u00a0<\/p><p>Am\u00a0<strong>25. Oktober 2025<\/strong>\u00a0verurteilte das Revolutionsgericht in Rasht die 67-j\u00e4hrige Zahra Shahbaz Tabari zum Tod. Ihr wurde \u201eUnterst\u00fctzung einer oppositionellen Organisation\u201c vorgeworfen.<\/p><p>Die Verhandlung fand per Videokonferenz statt und dauerte weniger als zehn Minuten. Der vom Gericht bestellte Pflichtverteidiger legte keine Verteidigung vor.<\/p><p>Laut Familienangaben bestand die Beweisf\u00fchrung lediglich aus einem Stoffbanner mit der Aufschrift\u00a0<em>\u201eFrau, Widerstand und Freiheit\u201c<\/em>\u00a0sowie einer nicht verifizierten Tonaufnahme.<\/p><p>Zahra Shahbaz Tabari hat einen\u00a0<strong>Masterabschluss in Elektrotechnik<\/strong>\u00a0von der Technischen Universit\u00e4t Isfahan und der Universit\u00e4t Bor\u00e5s (Schweden).<br \/>Sie wurde am 16. April 2025 ohne richterlichen Haftbefehl von Sicherheitskr\u00e4ften festgenommen und befindet sich derzeit im Gef\u00e4ngnis Lakan in Rasht.<\/p><p><strong>Systematische Repression und Gewalt gegen Frauen<\/strong><\/p><p><img fetchpriority=\"high\" decoding=\"async\" fetchpriority=\"high\" class=\"alignleft size-medium wp-image-8522\" src=\"https:\/\/www.rechtaufleben.org\/ral\/wp-content\/uploads\/2025\/11\/download-3-300x201.jpg\" sizes=\"(max-width: 300px) 100vw, 300px\" srcset=\"https:\/\/www.rechtaufleben.org\/ral\/wp-content\/uploads\/2025\/11\/download-3-300x201.jpg 300w, https:\/\/www.rechtaufleben.org\/ral\/wp-content\/uploads\/2025\/11\/download-3-1024x687.jpg 1024w, https:\/\/www.rechtaufleben.org\/ral\/wp-content\/uploads\/2025\/11\/download-3-768x516.jpg 768w, https:\/\/www.rechtaufleben.org\/ral\/wp-content\/uploads\/2025\/11\/download-3-370x248.jpg 370w, https:\/\/www.rechtaufleben.org\/ral\/wp-content\/uploads\/2025\/11\/download-3-700x470.jpg 700w, https:\/\/www.rechtaufleben.org\/ral\/wp-content\/uploads\/2025\/11\/download-3.jpg 1168w\" alt=\"\" width=\"300\" height=\"201\" \/><\/p><p>Neben der massiven Hinrichtungswelle setzt das Regime auch\u00a0<strong>andere Formen der stillen Vernichtung<\/strong>\u00a0ein \u2013 die\u00a0<strong>Verweigerung medizinischer Behandlung<\/strong>\u00a0und das\u00a0<strong>Zerm\u00fcrben durch Krankheit<\/strong>\u00a0in \u00fcberf\u00fcllten Gef\u00e4ngnissen mit katastrophalen hygienischen Bedingungen.<\/p><p>Mindestens\u00a0<strong>drei weibliche Gefangene<\/strong>\u00a0\u2013 darunter die politische Gefangene\u00a0<strong>Somayeh Rashidi<\/strong>\u00a0im ber\u00fcchtigten Gef\u00e4ngnis Qarchak \u2013 starben im September 2025 aufgrund unterlassener medizinischer Versorgung.<\/p><p>Weitere F\u00e4lle:<\/p><ul><li><strong>Fariba Khorramabadi<\/strong>, Theologin und Mutter eines Kindes, wurde im August 2025 ohne Haftbefehl festgenommen und sp\u00e4ter zu 18 Monaten Haft wegen \u201ePropaganda gegen das System\u201c verurteilt. Sie leidet an schweren Herzproblemen und wurde durch falsche Medikation gesundheitlich gesch\u00e4digt.<\/li><li><strong>Manijeh Hosseini-Fard<\/strong>\u00a0(62) sowie\u00a0<strong>Yalda Emam-Doust<\/strong>\u00a0(50) befinden sich seit August in willk\u00fcrlicher Haft, ohne dass Anklage oder Aufenthaltsort offiziell bekanntgegeben wurden.<\/li><\/ul><p><strong>Frauen, die im Oktober hingerichtet wurden<\/strong><\/p><p><img loading=\"lazy\" decoding=\"async\" class=\"alignleft size-medium wp-image-8523\" src=\"https:\/\/www.rechtaufleben.org\/ral\/wp-content\/uploads\/2025\/11\/67-300x150.png\" sizes=\"(max-width: 300px) 100vw, 300px\" srcset=\"https:\/\/www.rechtaufleben.org\/ral\/wp-content\/uploads\/2025\/11\/67-300x150.png 300w, https:\/\/www.rechtaufleben.org\/ral\/wp-content\/uploads\/2025\/11\/67-1024x512.png 1024w, https:\/\/www.rechtaufleben.org\/ral\/wp-content\/uploads\/2025\/11\/67-768x384.png 768w, https:\/\/www.rechtaufleben.org\/ral\/wp-content\/uploads\/2025\/11\/67-370x185.png 370w, https:\/\/www.rechtaufleben.org\/ral\/wp-content\/uploads\/2025\/11\/67-1410x705.png 1410w, https:\/\/www.rechtaufleben.org\/ral\/wp-content\/uploads\/2025\/11\/67-700x350.png 700w, https:\/\/www.rechtaufleben.org\/ral\/wp-content\/uploads\/2025\/11\/67.png 1440w\" alt=\"\" width=\"300\" height=\"150\" \/><\/p><ol><li>Zeynab Khodabandeh \u2013 13. Oktober<\/li><li>Nahid Hemmati \u2013 15. Oktober<\/li><li>Kafiyeh Ghobadzadeh \u2013 15. Oktober<\/li><li>Saeedeh Khodadadi \u2013 22. Oktober<\/li><li>Narges Ahmadi \u2013 25. Oktober<\/li><li>Mahbubeh Jalali \u2013 25. Oktober<\/li><li>Katayoun Shamsi \u2013 29. Oktober<\/li><\/ol><p>Die meisten dieser Frauen waren\u00a0<strong>Opfer h\u00e4uslicher Gewalt und sozialer Diskriminierung<\/strong>. Viele wurden nach unfairen Verfahren zum Tode verurteilt, nachdem sie sich gegen jahrelange Misshandlung durch ihre Ehem\u00e4nner gewehrt hatten.<\/p><p><strong>Widerstand gegen die Hinrichtungen<\/strong><\/p><p><img loading=\"lazy\" decoding=\"async\" loading=\"lazy\" class=\"alignright size-medium wp-image-8552\" src=\"https:\/\/www.rechtaufleben.org\/ral\/wp-content\/uploads\/2025\/11\/Screenshot-2025-11-11-141645-300x168.png\" sizes=\"auto, (max-width: 300px) 100vw, 300px\" srcset=\"https:\/\/www.rechtaufleben.org\/ral\/wp-content\/uploads\/2025\/11\/Screenshot-2025-11-11-141645-300x168.png 300w, https:\/\/www.rechtaufleben.org\/ral\/wp-content\/uploads\/2025\/11\/Screenshot-2025-11-11-141645-370x207.png 370w, https:\/\/www.rechtaufleben.org\/ral\/wp-content\/uploads\/2025\/11\/Screenshot-2025-11-11-141645-270x152.png 270w, https:\/\/www.rechtaufleben.org\/ral\/wp-content\/uploads\/2025\/11\/Screenshot-2025-11-11-141645.png 694w\" alt=\"\" width=\"300\" height=\"168\" \/><\/p><p>Trotz der Eskalation der Gewalt w\u00e4chst der\u00a0<strong>Widerstand innerhalb und au\u00dferhalb der Gef\u00e4ngnisse<\/strong>.<\/p><p>Zwischen dem 13. und 19. Oktober traten\u00a0<strong>1.500 zum Tode verurteilte Gefangene<\/strong>\u00a0im Gef\u00e4ngnis Ghezalhesar (Karaj) in Hungerstreik \u2013 die gr\u00f6\u00dfte kollektive Protestaktion in der Geschichte iranischer Gef\u00e4ngnisse.<\/p><p>Ihre Angeh\u00f6rigen \u2013 vor allem Frauen, M\u00fctter und Kinder \u2013 demonstrierten mehrfach vor dem Gef\u00e4ngnis und dem Parlament in Teheran mit Transparenten wie:<\/p><p>\u201eDie Hinrichtung eines Menschen beendet kein Verbrechen \u2013 sie beginnt neues Leid f\u00fcr seine Kinder.\u201c<\/p><p>Unter \u00f6ffentlichem und internationalem Druck versprach die Gef\u00e4ngnisleitung eine\u00a0<strong>vor\u00fcbergehende Aussetzung der Hinrichtungen.<\/strong><\/p><p><strong>Medizinische Vernachl\u00e4ssigung als Foltermethode<\/strong><\/p><p><img loading=\"lazy\" decoding=\"async\" loading=\"lazy\" class=\"alignright wp-image-8530\" src=\"https:\/\/www.rechtaufleben.org\/ral\/wp-content\/uploads\/2025\/11\/6505db55-33d0-4089-a3fe-af58ac6798a9.jpg\" alt=\"\" width=\"304\" height=\"152\" \/><\/p><p>Mehrere politische Gefangene sind akut gef\u00e4hrdet:<\/p><ul><li><strong>Maryam Akbari Monfared<\/strong>, seit 16 Jahren in Haft, leidet an starken R\u00fccken- und Beinschmerzen, wird jedoch nicht behandelt.<\/li><li><strong>Hoda Mehrganfar (38)<\/strong>, mit Endometriom-Diagnose, wird die notwendige Krankenhausbehandlung verweigert.<\/li><li><strong>Shiva Esmaeili (60)<\/strong>\u00a0leidet unter starken Schmerzen; ein geplanter Krankenhausaufenthalt wurde abgebrochen, da sie die Kosten nicht sofort zahlen konnte.<\/li><li><strong>Fatemeh Ziaei (68)<\/strong>, eine ehemalige politische Gefangene aus den 1980er Jahren, leidet an fortgeschrittener MS und erh\u00e4lt keine ad\u00e4quate Behandlung.<\/li><\/ul><p>Diese F\u00e4lle belegen den systematischen Einsatz von medizinischer Unterlassung als Form der Folter.<\/p><p><strong>Internationale Reaktionen<\/strong><\/p><p><img loading=\"lazy\" decoding=\"async\" loading=\"lazy\" class=\"alignleft size-medium wp-image-8538\" src=\"https:\/\/www.rechtaufleben.org\/ral\/wp-content\/uploads\/2025\/11\/Screenshot-2025-11-11-134437-1-300x199.jpg\" sizes=\"auto, (max-width: 300px) 100vw, 300px\" srcset=\"https:\/\/www.rechtaufleben.org\/ral\/wp-content\/uploads\/2025\/11\/Screenshot-2025-11-11-134437-1-300x199.jpg 300w, https:\/\/www.rechtaufleben.org\/ral\/wp-content\/uploads\/2025\/11\/Screenshot-2025-11-11-134437-1-768x509.jpg 768w, https:\/\/www.rechtaufleben.org\/ral\/wp-content\/uploads\/2025\/11\/Screenshot-2025-11-11-134437-1-370x245.jpg 370w, https:\/\/www.rechtaufleben.org\/ral\/wp-content\/uploads\/2025\/11\/Screenshot-2025-11-11-134437-1-700x464.jpg 700w, https:\/\/www.rechtaufleben.org\/ral\/wp-content\/uploads\/2025\/11\/Screenshot-2025-11-11-134437-1.jpg 920w\" alt=\"\" width=\"300\" height=\"199\" \/><\/p><p>Die eskalierende Welle von Hinrichtungen f\u00fchrte zu scharfen Reaktionen:<\/p><ul><li><strong>Amnesty International<\/strong>\u00a0forderte die Mitgliedsstaaten der UN auf, \u201eden schockierenden Exekutionswellen im Iran sofort entgegenzutreten\u201c.<\/li><li><strong>UN-Generalsekret\u00e4r Ant\u00f3nio Guterres<\/strong>\u00a0\u00e4u\u00dferte tiefe Besorgnis und verlangte die\u00a0<strong>sofortige Aussetzung aller Hinrichtungen<\/strong>, die\u00a0<strong>Freilassung politischer Gefangener<\/strong>\u00a0und die\u00a0<strong>Beendigung von Folter und unmenschlicher Behandlung<\/strong>. Er betonte, dass viele Todesurteile auf unter Folter erzwungenen Gest\u00e4ndnissen beruhen und Verfahren elementare Rechtsstandards verletzen.<\/li><\/ul><p><strong>Dringender globaler Aufruf zum Handeln f\u00fcr die Rechte der Frauen im Iran<\/strong><\/p><p><img loading=\"lazy\" decoding=\"async\" loading=\"lazy\" class=\"alignleft size-full wp-image-8542\" src=\"https:\/\/www.rechtaufleben.org\/ral\/wp-content\/uploads\/2025\/11\/88.jpg\" sizes=\"auto, (max-width: 299px) 100vw, 299px\" srcset=\"https:\/\/www.rechtaufleben.org\/ral\/wp-content\/uploads\/2025\/11\/88.jpg 299w, https:\/\/www.rechtaufleben.org\/ral\/wp-content\/uploads\/2025\/11\/88-270x152.jpg 270w\" alt=\"\" width=\"299\" height=\"168\" \/><\/p><p>Die bewusste Verweigerung medizinischer Versorgung f\u00fcr kranke politische Gefangene ist ein\u00a0<strong>Verbrechen gegen die Menschlichkeit<\/strong>\u00a0und Ausdruck der tiefen Menschenrechtskrise im Iran.<\/p><p>Nur\u00a0<strong>entschlossenes Handeln der internationalen Gemeinschaft<\/strong>\u00a0kann diesem Kreislauf der Gewalt ein Ende setzen.<\/p><p>Der\u00a0<strong>UN-Menschenrechtsrat<\/strong>, der\u00a0<strong>Hohe Kommissar f\u00fcr Menschenrechte<\/strong>\u00a0und die\u00a0<strong>Sonderberichterstatter der Vereinten Nationen<\/strong>\u00a0sollten eine\u00a0<strong>unabh\u00e4ngige Untersuchungskommission<\/strong>\u00a0entsenden, um Haftbedingungen zu pr\u00fcfen und insbesondere inhaftierte Frauen zu sch\u00fctzen.<\/p><p>Ein nachhaltiger Ausweg aus der Krise erfordert:<\/p><ul><li>internationalen\u00a0<strong>Zugang zu Gef\u00e4ngnissen<\/strong>,<\/li><li>die\u00a0<strong>Verkn\u00fcpfung internationaler Beziehungen<\/strong>\u00a0mit der Einhaltung der Menschenrechte,<\/li><li>und die\u00a0<strong>St\u00e4rkung der iranischen Zivilgesellschaft<\/strong>\u00a0sowie ihrer M\u00f6glichkeiten zur Dokumentation und Aufkl\u00e4rung.<\/li><\/ul><p>Schweigen bedeutet Mitschuld.<br \/>Die Weltgemeinschaft muss dem\u00a0<strong>System der Hinrichtungen und des Staatsterrors<\/strong>\u00a0entschieden entgegentreten und die Verantwortlichen zur Rechenschaft ziehen.<br \/>Trotz Unterdr\u00fcckung w\u00e4chst der\u00a0<strong>zivile Widerstand<\/strong>\u00a0\u2013 getragen von mutigen Frauen, die f\u00fcr\u00a0<strong>Freiheit, Gerechtigkeit und Gleichberechtigung<\/strong>\u00a0eintreten.<\/p><\/div><\/div><\/div><\/div><\/div><div class=\"module_row themify_builder_row fullwidth_row_container tb_rktj510 tf_w\" data-css_id=\"rktj510\" data-fullwidth-done=\"1\"><div class=\"row_inner col_align_top tb_col_count_1 tf_box tf_rel\"><div class=\"module_column tb-column tb_0ghu144 first\"><div class=\"module module-text tb_li9w5\"><div class=\"tb_text_wrap\"><p><img loading=\"lazy\" decoding=\"async\" loading=\"lazy\" class=\"aligncenter wp-image-8497 size-humanum-thumb-huge\" src=\"https:\/\/www.rechtaufleben.org\/ral\/wp-content\/uploads\/2025\/11\/Oktober-2025-Todesurteil-fur-eine-politische-Gefangene-1170x658.jpg\" sizes=\"auto, (max-width: 1170px) 100vw, 1170px\" srcset=\"https:\/\/www.rechtaufleben.org\/ral\/wp-content\/uploads\/2025\/11\/Oktober-2025-Todesurteil-fur-eine-politische-Gefangene-1170x658.jpg 1170w, https:\/\/www.rechtaufleben.org\/ral\/wp-content\/uploads\/2025\/11\/Oktober-2025-Todesurteil-fur-eine-politische-Gefangene-300x169.jpg 300w, https:\/\/www.rechtaufleben.org\/ral\/wp-content\/uploads\/2025\/11\/Oktober-2025-Todesurteil-fur-eine-politische-Gefangene-1024x576.jpg 1024w, https:\/\/www.rechtaufleben.org\/ral\/wp-content\/uploads\/2025\/11\/Oktober-2025-Todesurteil-fur-eine-politische-Gefangene-768x432.jpg 768w, https:\/\/www.rechtaufleben.org\/ral\/wp-content\/uploads\/2025\/11\/Oktober-2025-Todesurteil-fur-eine-politische-Gefangene-1536x864.jpg 1536w, https:\/\/www.rechtaufleben.org\/ral\/wp-content\/uploads\/2025\/11\/Oktober-2025-Todesurteil-fur-eine-politische-Gefangene-370x208.jpg 370w, https:\/\/www.rechtaufleben.org\/ral\/wp-content\/uploads\/2025\/11\/Oktober-2025-Todesurteil-fur-eine-politische-Gefangene-930x523.jpg 930w, https:\/\/www.rechtaufleben.org\/ral\/wp-content\/uploads\/2025\/11\/Oktober-2025-Todesurteil-fur-eine-politische-Gefangene-1410x793.jpg 1410w, https:\/\/www.rechtaufleben.org\/ral\/wp-content\/uploads\/2025\/11\/Oktober-2025-Todesurteil-fur-eine-politische-Gefangene-700x394.jpg 700w, https:\/\/www.rechtaufleben.org\/ral\/wp-content\/uploads\/2025\/11\/Oktober-2025-Todesurteil-fur-eine-politische-Gefangene-270x152.jpg 270w, https:\/\/www.rechtaufleben.org\/ral\/wp-content\/uploads\/2025\/11\/Oktober-2025-Todesurteil-fur-eine-politische-Gefangene.jpg 1920w\" alt=\"\" width=\"1170\" height=\"658\" \/><\/p><\/div><\/div><\/div><\/div><\/div><div id=\"gtx-trans\" style=\"position: absolute; left: -37px; top: -24.2242px;\"><div class=\"gtx-trans-icon\">\u00a0<\/div><\/div>    <\/div>\n<\/div>\n<!-- \/module text -->        <\/div>\n                        <\/div>\n        <\/div>\n        <\/div>\n<!--\/themify_builder_content-->\n\n\n<p><\/p>","protected":false},"excerpt":{"rendered":"","protected":false},"author":6,"featured_media":8440,"comment_status":"open","ping_status":"open","sticky":false,"template":"","format":"standard","meta":{"give_campaign_id":0,"footnotes":""},"categories":[64,65,67],"tags":[],"class_list":["post-8439","post","type-post","status-publish","format-standard","has-post-thumbnail","hentry","category-aktuelles","category-frauen","category-menschenrechtsarbeit"],"builder_content":"<p>Der Oktober 2025 war mit nahezu\u00a0<strong>300 Hinrichtungen<\/strong>\u00a0der blutigste Monat im Iran seit 36 Jahren. Unter den Hingerichteten befanden sich mindestens\u00a0<strong>sieben Frauen<\/strong>\u00a0\u2013 eine der h\u00f6chsten Zahlen seit den 1980er Jahren.<\/p><p>Diese beispiellose Welle der Hinrichtungen verdeutlicht die\u00a0<strong>Angst und Verzweiflung<\/strong>\u00a0eines Regimes, das angesichts wachsender gesellschaftlicher Unzufriedenheit, wirtschaftlicher Krise und politischer Isolation versucht, eine neue landesweite Erhebung zu verhindern.<\/p><p>In den letzten Oktobertagen erlie\u00df das Regime ein weiteres Schockurteil:<\/p><p>Die\u00a0<strong>politische Gefangene Zahra Shahbaz Tabari<\/strong>, Unterst\u00fctzerin einer Oppositionsorganisation, wurde\u00a0<strong>zum Tode verurteilt<\/strong>\u00a0\u2013 ein historischer Pr\u00e4zedenzfall.<\/p><p><strong><img loading=\"lazy\" decoding=\"async\" src=\"https:\/\/www.rechtaufleben.org\/ral\/wp-content\/uploads\/2025\/11\/vlcsnap-2025-11-11-10h23m05s544-300x166.png\" sizes=\"(max-width: 300px) 100vw, 300px\" srcset=\"https:\/\/www.rechtaufleben.org\/ral\/wp-content\/uploads\/2025\/11\/vlcsnap-2025-11-11-10h23m05s544-300x166.png 300w, https:\/\/www.rechtaufleben.org\/ral\/wp-content\/uploads\/2025\/11\/vlcsnap-2025-11-11-10h23m05s544-370x205.png 370w, https:\/\/www.rechtaufleben.org\/ral\/wp-content\/uploads\/2025\/11\/vlcsnap-2025-11-11-10h23m05s544-700x387.png 700w, https:\/\/www.rechtaufleben.org\/ral\/wp-content\/uploads\/2025\/11\/vlcsnap-2025-11-11-10h23m05s544.png 752w\" alt=\"\" width=\"300\" height=\"166\" \/>Fall Zahra Shahbaz Tabari<\/strong><\/p><p>\u00a0<\/p><p>Am\u00a0<strong>25. Oktober 2025<\/strong>\u00a0verurteilte das Revolutionsgericht in Rasht die 67-j\u00e4hrige Zahra Shahbaz Tabari zum Tod. Ihr wurde \u201eUnterst\u00fctzung einer oppositionellen Organisation\u201c vorgeworfen.<\/p><p>Die Verhandlung fand per Videokonferenz statt und dauerte weniger als zehn Minuten. Der vom Gericht bestellte Pflichtverteidiger legte keine Verteidigung vor.<\/p><p>Laut Familienangaben bestand die Beweisf\u00fchrung lediglich aus einem Stoffbanner mit der Aufschrift\u00a0<em>\u201eFrau, Widerstand und Freiheit\u201c<\/em>\u00a0sowie einer nicht verifizierten Tonaufnahme.<\/p><p>Zahra Shahbaz Tabari hat einen\u00a0<strong>Masterabschluss in Elektrotechnik<\/strong>\u00a0von der Technischen Universit\u00e4t Isfahan und der Universit\u00e4t Bor\u00e5s (Schweden).<br \/>Sie wurde am 16. April 2025 ohne richterlichen Haftbefehl von Sicherheitskr\u00e4ften festgenommen und befindet sich derzeit im Gef\u00e4ngnis Lakan in Rasht.<\/p><p><strong>Systematische Repression und Gewalt gegen Frauen<\/strong><\/p><p><img loading=\"lazy\" decoding=\"async\" src=\"https:\/\/www.rechtaufleben.org\/ral\/wp-content\/uploads\/2025\/11\/download-3-300x201.jpg\" sizes=\"(max-width: 300px) 100vw, 300px\" srcset=\"https:\/\/www.rechtaufleben.org\/ral\/wp-content\/uploads\/2025\/11\/download-3-300x201.jpg 300w, https:\/\/www.rechtaufleben.org\/ral\/wp-content\/uploads\/2025\/11\/download-3-1024x687.jpg 1024w, https:\/\/www.rechtaufleben.org\/ral\/wp-content\/uploads\/2025\/11\/download-3-768x516.jpg 768w, https:\/\/www.rechtaufleben.org\/ral\/wp-content\/uploads\/2025\/11\/download-3-370x248.jpg 370w, https:\/\/www.rechtaufleben.org\/ral\/wp-content\/uploads\/2025\/11\/download-3-700x470.jpg 700w, https:\/\/www.rechtaufleben.org\/ral\/wp-content\/uploads\/2025\/11\/download-3.jpg 1168w\" alt=\"\" width=\"300\" height=\"201\" \/><\/p><p>Neben der massiven Hinrichtungswelle setzt das Regime auch\u00a0<strong>andere Formen der stillen Vernichtung<\/strong>\u00a0ein \u2013 die\u00a0<strong>Verweigerung medizinischer Behandlung<\/strong>\u00a0und das\u00a0<strong>Zerm\u00fcrben durch Krankheit<\/strong>\u00a0in \u00fcberf\u00fcllten Gef\u00e4ngnissen mit katastrophalen hygienischen Bedingungen.<\/p><p>Mindestens\u00a0<strong>drei weibliche Gefangene<\/strong>\u00a0\u2013 darunter die politische Gefangene\u00a0<strong>Somayeh Rashidi<\/strong>\u00a0im ber\u00fcchtigten Gef\u00e4ngnis Qarchak \u2013 starben im September 2025 aufgrund unterlassener medizinischer Versorgung.<\/p><p>Weitere F\u00e4lle:<\/p><ul><li><strong>Fariba Khorramabadi<\/strong>, Theologin und Mutter eines Kindes, wurde im August 2025 ohne Haftbefehl festgenommen und sp\u00e4ter zu 18 Monaten Haft wegen \u201ePropaganda gegen das System\u201c verurteilt. Sie leidet an schweren Herzproblemen und wurde durch falsche Medikation gesundheitlich gesch\u00e4digt.<\/li><li><strong>Manijeh Hosseini-Fard<\/strong>\u00a0(62) sowie\u00a0<strong>Yalda Emam-Doust<\/strong>\u00a0(50) befinden sich seit August in willk\u00fcrlicher Haft, ohne dass Anklage oder Aufenthaltsort offiziell bekanntgegeben wurden.<\/li><\/ul><p><strong>Frauen, die im Oktober hingerichtet wurden<\/strong><\/p><p><img loading=\"lazy\" decoding=\"async\" src=\"https:\/\/www.rechtaufleben.org\/ral\/wp-content\/uploads\/2025\/11\/67-300x150.png\" sizes=\"(max-width: 300px) 100vw, 300px\" srcset=\"https:\/\/www.rechtaufleben.org\/ral\/wp-content\/uploads\/2025\/11\/67-300x150.png 300w, https:\/\/www.rechtaufleben.org\/ral\/wp-content\/uploads\/2025\/11\/67-1024x512.png 1024w, https:\/\/www.rechtaufleben.org\/ral\/wp-content\/uploads\/2025\/11\/67-768x384.png 768w, https:\/\/www.rechtaufleben.org\/ral\/wp-content\/uploads\/2025\/11\/67-370x185.png 370w, https:\/\/www.rechtaufleben.org\/ral\/wp-content\/uploads\/2025\/11\/67-1410x705.png 1410w, https:\/\/www.rechtaufleben.org\/ral\/wp-content\/uploads\/2025\/11\/67-700x350.png 700w, https:\/\/www.rechtaufleben.org\/ral\/wp-content\/uploads\/2025\/11\/67.png 1440w\" alt=\"\" width=\"300\" height=\"150\" \/><\/p><ol><li>Zeynab Khodabandeh \u2013 13. Oktober<\/li><li>Nahid Hemmati \u2013 15. Oktober<\/li><li>Kafiyeh Ghobadzadeh \u2013 15. Oktober<\/li><li>Saeedeh Khodadadi \u2013 22. Oktober<\/li><li>Narges Ahmadi \u2013 25. Oktober<\/li><li>Mahbubeh Jalali \u2013 25. Oktober<\/li><li>Katayoun Shamsi \u2013 29. Oktober<\/li><\/ol><p>Die meisten dieser Frauen waren\u00a0<strong>Opfer h\u00e4uslicher Gewalt und sozialer Diskriminierung<\/strong>. Viele wurden nach unfairen Verfahren zum Tode verurteilt, nachdem sie sich gegen jahrelange Misshandlung durch ihre Ehem\u00e4nner gewehrt hatten.<\/p><p><strong>Widerstand gegen die Hinrichtungen<\/strong><\/p><p><img loading=\"lazy\" decoding=\"async\" src=\"https:\/\/www.rechtaufleben.org\/ral\/wp-content\/uploads\/2025\/11\/Screenshot-2025-11-11-141645-300x168.png\" sizes=\"auto, (max-width: 300px) 100vw, 300px\" srcset=\"https:\/\/www.rechtaufleben.org\/ral\/wp-content\/uploads\/2025\/11\/Screenshot-2025-11-11-141645-300x168.png 300w, https:\/\/www.rechtaufleben.org\/ral\/wp-content\/uploads\/2025\/11\/Screenshot-2025-11-11-141645-370x207.png 370w, https:\/\/www.rechtaufleben.org\/ral\/wp-content\/uploads\/2025\/11\/Screenshot-2025-11-11-141645-270x152.png 270w, https:\/\/www.rechtaufleben.org\/ral\/wp-content\/uploads\/2025\/11\/Screenshot-2025-11-11-141645.png 694w\" alt=\"\" width=\"300\" height=\"168\" \/><\/p><p>Trotz der Eskalation der Gewalt w\u00e4chst der\u00a0<strong>Widerstand innerhalb und au\u00dferhalb der Gef\u00e4ngnisse<\/strong>.<\/p><p>Zwischen dem 13. und 19. Oktober traten\u00a0<strong>1.500 zum Tode verurteilte Gefangene<\/strong>\u00a0im Gef\u00e4ngnis Ghezalhesar (Karaj) in Hungerstreik \u2013 die gr\u00f6\u00dfte kollektive Protestaktion in der Geschichte iranischer Gef\u00e4ngnisse.<\/p><p>Ihre Angeh\u00f6rigen \u2013 vor allem Frauen, M\u00fctter und Kinder \u2013 demonstrierten mehrfach vor dem Gef\u00e4ngnis und dem Parlament in Teheran mit Transparenten wie:<\/p><p>\u201eDie Hinrichtung eines Menschen beendet kein Verbrechen \u2013 sie beginnt neues Leid f\u00fcr seine Kinder.\u201c<\/p><p>Unter \u00f6ffentlichem und internationalem Druck versprach die Gef\u00e4ngnisleitung eine\u00a0<strong>vor\u00fcbergehende Aussetzung der Hinrichtungen.<\/strong><\/p><p><strong>Medizinische Vernachl\u00e4ssigung als Foltermethode<\/strong><\/p><p><img loading=\"lazy\" decoding=\"async\" src=\"https:\/\/www.rechtaufleben.org\/ral\/wp-content\/uploads\/2025\/11\/6505db55-33d0-4089-a3fe-af58ac6798a9.jpg\" alt=\"\" width=\"304\" height=\"152\" \/><\/p><p>Mehrere politische Gefangene sind akut gef\u00e4hrdet:<\/p><ul><li><strong>Maryam Akbari Monfared<\/strong>, seit 16 Jahren in Haft, leidet an starken R\u00fccken- und Beinschmerzen, wird jedoch nicht behandelt.<\/li><li><strong>Hoda Mehrganfar (38)<\/strong>, mit Endometriom-Diagnose, wird die notwendige Krankenhausbehandlung verweigert.<\/li><li><strong>Shiva Esmaeili (60)<\/strong>\u00a0leidet unter starken Schmerzen; ein geplanter Krankenhausaufenthalt wurde abgebrochen, da sie die Kosten nicht sofort zahlen konnte.<\/li><li><strong>Fatemeh Ziaei (68)<\/strong>, eine ehemalige politische Gefangene aus den 1980er Jahren, leidet an fortgeschrittener MS und erh\u00e4lt keine ad\u00e4quate Behandlung.<\/li><\/ul><p>Diese F\u00e4lle belegen den systematischen Einsatz von medizinischer Unterlassung als Form der Folter.<\/p><p><strong>Internationale Reaktionen<\/strong><\/p><p><img loading=\"lazy\" decoding=\"async\" src=\"https:\/\/www.rechtaufleben.org\/ral\/wp-content\/uploads\/2025\/11\/Screenshot-2025-11-11-134437-1-300x199.jpg\" sizes=\"auto, (max-width: 300px) 100vw, 300px\" srcset=\"https:\/\/www.rechtaufleben.org\/ral\/wp-content\/uploads\/2025\/11\/Screenshot-2025-11-11-134437-1-300x199.jpg 300w, https:\/\/www.rechtaufleben.org\/ral\/wp-content\/uploads\/2025\/11\/Screenshot-2025-11-11-134437-1-768x509.jpg 768w, https:\/\/www.rechtaufleben.org\/ral\/wp-content\/uploads\/2025\/11\/Screenshot-2025-11-11-134437-1-370x245.jpg 370w, https:\/\/www.rechtaufleben.org\/ral\/wp-content\/uploads\/2025\/11\/Screenshot-2025-11-11-134437-1-700x464.jpg 700w, https:\/\/www.rechtaufleben.org\/ral\/wp-content\/uploads\/2025\/11\/Screenshot-2025-11-11-134437-1.jpg 920w\" alt=\"\" width=\"300\" height=\"199\" \/><\/p><p>Die eskalierende Welle von Hinrichtungen f\u00fchrte zu scharfen Reaktionen:<\/p><ul><li><strong>Amnesty International<\/strong>\u00a0forderte die Mitgliedsstaaten der UN auf, \u201eden schockierenden Exekutionswellen im Iran sofort entgegenzutreten\u201c.<\/li><li><strong>UN-Generalsekret\u00e4r Ant\u00f3nio Guterres<\/strong>\u00a0\u00e4u\u00dferte tiefe Besorgnis und verlangte die\u00a0<strong>sofortige Aussetzung aller Hinrichtungen<\/strong>, die\u00a0<strong>Freilassung politischer Gefangener<\/strong>\u00a0und die\u00a0<strong>Beendigung von Folter und unmenschlicher Behandlung<\/strong>. Er betonte, dass viele Todesurteile auf unter Folter erzwungenen Gest\u00e4ndnissen beruhen und Verfahren elementare Rechtsstandards verletzen.<\/li><\/ul><p><strong>Dringender globaler Aufruf zum Handeln f\u00fcr die Rechte der Frauen im Iran<\/strong><\/p><p><img loading=\"lazy\" decoding=\"async\" src=\"https:\/\/www.rechtaufleben.org\/ral\/wp-content\/uploads\/2025\/11\/88.jpg\" sizes=\"auto, (max-width: 299px) 100vw, 299px\" srcset=\"https:\/\/www.rechtaufleben.org\/ral\/wp-content\/uploads\/2025\/11\/88.jpg 299w, https:\/\/www.rechtaufleben.org\/ral\/wp-content\/uploads\/2025\/11\/88-270x152.jpg 270w\" alt=\"\" width=\"299\" height=\"168\" \/><\/p><p>Die bewusste Verweigerung medizinischer Versorgung f\u00fcr kranke politische Gefangene ist ein\u00a0<strong>Verbrechen gegen die Menschlichkeit<\/strong>\u00a0und Ausdruck der tiefen Menschenrechtskrise im Iran.<\/p><p>Nur\u00a0<strong>entschlossenes Handeln der internationalen Gemeinschaft<\/strong>\u00a0kann diesem Kreislauf der Gewalt ein Ende setzen.<\/p><p>Der\u00a0<strong>UN-Menschenrechtsrat<\/strong>, der\u00a0<strong>Hohe Kommissar f\u00fcr Menschenrechte<\/strong>\u00a0und die\u00a0<strong>Sonderberichterstatter der Vereinten Nationen<\/strong>\u00a0sollten eine\u00a0<strong>unabh\u00e4ngige Untersuchungskommission<\/strong>\u00a0entsenden, um Haftbedingungen zu pr\u00fcfen und insbesondere inhaftierte Frauen zu sch\u00fctzen.<\/p><p>Ein nachhaltiger Ausweg aus der Krise erfordert:<\/p><ul><li>internationalen\u00a0<strong>Zugang zu Gef\u00e4ngnissen<\/strong>,<\/li><li>die\u00a0<strong>Verkn\u00fcpfung internationaler Beziehungen<\/strong>\u00a0mit der Einhaltung der Menschenrechte,<\/li><li>und die\u00a0<strong>St\u00e4rkung der iranischen Zivilgesellschaft<\/strong>\u00a0sowie ihrer M\u00f6glichkeiten zur Dokumentation und Aufkl\u00e4rung.<\/li><\/ul><p>Schweigen bedeutet Mitschuld.<br \/>Die Weltgemeinschaft muss dem\u00a0<strong>System der Hinrichtungen und des Staatsterrors<\/strong>\u00a0entschieden entgegentreten und die Verantwortlichen zur Rechenschaft ziehen.<br \/>Trotz Unterdr\u00fcckung w\u00e4chst der\u00a0<strong>zivile Widerstand<\/strong>\u00a0\u2013 getragen von mutigen Frauen, die f\u00fcr\u00a0<strong>Freiheit, Gerechtigkeit und Gleichberechtigung<\/strong>\u00a0eintreten.<\/p><p><img loading=\"lazy\" decoding=\"async\" src=\"https:\/\/www.rechtaufleben.org\/ral\/wp-content\/uploads\/2025\/11\/Oktober-2025-Todesurteil-fur-eine-politische-Gefangene-1170x658.jpg\" sizes=\"auto, (max-width: 1170px) 100vw, 1170px\" srcset=\"https:\/\/www.rechtaufleben.org\/ral\/wp-content\/uploads\/2025\/11\/Oktober-2025-Todesurteil-fur-eine-politische-Gefangene-1170x658.jpg 1170w, https:\/\/www.rechtaufleben.org\/ral\/wp-content\/uploads\/2025\/11\/Oktober-2025-Todesurteil-fur-eine-politische-Gefangene-300x169.jpg 300w, https:\/\/www.rechtaufleben.org\/ral\/wp-content\/uploads\/2025\/11\/Oktober-2025-Todesurteil-fur-eine-politische-Gefangene-1024x576.jpg 1024w, https:\/\/www.rechtaufleben.org\/ral\/wp-content\/uploads\/2025\/11\/Oktober-2025-Todesurteil-fur-eine-politische-Gefangene-768x432.jpg 768w, https:\/\/www.rechtaufleben.org\/ral\/wp-content\/uploads\/2025\/11\/Oktober-2025-Todesurteil-fur-eine-politische-Gefangene-1536x864.jpg 1536w, https:\/\/www.rechtaufleben.org\/ral\/wp-content\/uploads\/2025\/11\/Oktober-2025-Todesurteil-fur-eine-politische-Gefangene-370x208.jpg 370w, https:\/\/www.rechtaufleben.org\/ral\/wp-content\/uploads\/2025\/11\/Oktober-2025-Todesurteil-fur-eine-politische-Gefangene-930x523.jpg 930w, https:\/\/www.rechtaufleben.org\/ral\/wp-content\/uploads\/2025\/11\/Oktober-2025-Todesurteil-fur-eine-politische-Gefangene-1410x793.jpg 1410w, https:\/\/www.rechtaufleben.org\/ral\/wp-content\/uploads\/2025\/11\/Oktober-2025-Todesurteil-fur-eine-politische-Gefangene-700x394.jpg 700w, https:\/\/www.rechtaufleben.org\/ral\/wp-content\/uploads\/2025\/11\/Oktober-2025-Todesurteil-fur-eine-politische-Gefangene-270x152.jpg 270w, https:\/\/www.rechtaufleben.org\/ral\/wp-content\/uploads\/2025\/11\/Oktober-2025-Todesurteil-fur-eine-politische-Gefangene.jpg 1920w\" alt=\"\" width=\"1170\" height=\"658\" \/><\/p>\u00a0","_links":{"self":[{"href":"https:\/\/rechtaufleben.org\/ral\/wp-json\/wp\/v2\/posts\/8439","targetHints":{"allow":["GET"]}}],"collection":[{"href":"https:\/\/rechtaufleben.org\/ral\/wp-json\/wp\/v2\/posts"}],"about":[{"href":"https:\/\/rechtaufleben.org\/ral\/wp-json\/wp\/v2\/types\/post"}],"author":[{"embeddable":true,"href":"https:\/\/rechtaufleben.org\/ral\/wp-json\/wp\/v2\/users\/6"}],"replies":[{"embeddable":true,"href":"https:\/\/rechtaufleben.org\/ral\/wp-json\/wp\/v2\/comments?post=8439"}],"version-history":[{"count":5,"href":"https:\/\/rechtaufleben.org\/ral\/wp-json\/wp\/v2\/posts\/8439\/revisions"}],"predecessor-version":[{"id":8445,"href":"https:\/\/rechtaufleben.org\/ral\/wp-json\/wp\/v2\/posts\/8439\/revisions\/8445"}],"wp:featuredmedia":[{"embeddable":true,"href":"https:\/\/rechtaufleben.org\/ral\/wp-json\/wp\/v2\/media\/8440"}],"wp:attachment":[{"href":"https:\/\/rechtaufleben.org\/ral\/wp-json\/wp\/v2\/media?parent=8439"}],"wp:term":[{"taxonomy":"category","embeddable":true,"href":"https:\/\/rechtaufleben.org\/ral\/wp-json\/wp\/v2\/categories?post=8439"},{"taxonomy":"post_tag","embeddable":true,"href":"https:\/\/rechtaufleben.org\/ral\/wp-json\/wp\/v2\/tags?post=8439"}],"curies":[{"name":"wp","href":"https:\/\/api.w.org\/{rel}","templated":true}]}}