{"id":8456,"date":"2026-01-21T15:31:34","date_gmt":"2026-01-21T14:31:34","guid":{"rendered":"https:\/\/rechtaufleben.org\/ral\/?p=8456"},"modified":"2026-01-21T15:31:36","modified_gmt":"2026-01-21T14:31:36","slug":"gemeinsam-gegen-die-todesstrafe-im-iran","status":"publish","type":"post","link":"https:\/\/rechtaufleben.org\/ral\/gemeinsam-gegen-die-todesstrafe-im-iran\/","title":{"rendered":"Gemeinsam gegen die Todesstrafe im Iran"},"content":{"rendered":"<p><a href=\"https:\/\/www.rechtaufleben.org\/ral\/gemeinsam-gegen-die-todesstrafe-im-iran\/\">12. December 2025<\/a>&nbsp;<a href=\"https:\/\/www.rechtaufleben.org\/ral\/gemeinsam-gegen-die-todesstrafe-im-iran\/#respond\">0<\/a>&nbsp;<a href=\"https:\/\/www.rechtaufleben.org\/ral\/gemeinsam-gegen-die-todesstrafe-im-iran\/#trx_addons_emotions\">2<\/a><\/p>\n\n<!--themify_builder_content-->\n<div id=\"themify_builder_content-8456\" data-postid=\"8456\" class=\"themify_builder_content themify_builder_content-8456 themify_builder tf_clear\">\n                    <div  data-lazy=\"1\" class=\"module_row themify_builder_row tb_ksjx591 tb_first tf_w\">\n                        <div class=\"row_inner col_align_top tb_col_count_1 tf_box tf_rel\">\n                        <div  data-lazy=\"1\" class=\"module_column tb-column col-full tb_1ynv592 first\">\n                    <!-- module text -->\n<div  class=\"module module-text tb_33ki781   \" data-lazy=\"1\">\n        <div  class=\"tb_text_wrap\">\n        <div id=\"themify_builder_content-8619\" class=\"themify_builder_content themify_builder_content-8619 themify_builder tf_clear\" data-postid=\"8619\"><div class=\"module_row themify_builder_row tb_pr9z272 tb_first tf_w\"><div class=\"row_inner col_align_top tb_col_count_1 tf_box tf_rel\"><div class=\"module_column tb-column col-full tb_ukes273 first\"><div class=\"module module-text tb_83t8771\"><div class=\"tb_text_wrap\"><div>Die Zahl der Hinrichtungen im Iran steigt dramatisch. Besonders Frauen und junge Menschen sind von Todesurteilen bedroht.<\/div><div>\u00a0<\/div><div>Recht auf Leben e.V. organisiert in zahlreichen St\u00e4dten bundesweite Stra\u00dfen-Kampagnen, um Unterschriften gegen die Todesstrafe zu sammeln und finanzielle Unterst\u00fctzung f\u00fcr lebensrettende Ma\u00dfnahmen zu gewinnen.<\/div><div>\u00a0<\/div><div>Wir stehen gemeinsam mit Inhaftierten in Kiel, Hamburg, L\u00fcbeck, Berlin, Stuttgart, T\u00fcbingen, Esslingen, Konstanz, M\u00fcnchen, Frankfurt, K\u00f6ln, D\u00fcsseldorf und vielen weiteren St\u00e4dten in Deutschland.<\/div><div>\u00a0<\/div><div>Jede Stimme und jede Spende kann helfen, Hinrichtungen zu stoppen und bedrohten Menschen beizustehen \u2013 darunter:<\/div><div>\u00a0<\/div><div>Zahra Tabari<\/div><div>\u00a0<\/div><div>Warische Moradi<\/div><div>\u00a0<\/div><div>Pakhshan Azizi<\/div><div>\u00a0<\/div><div>Mohammad Ghobadlou<\/div><div>\u00a0<\/div><div>Bitte unterst\u00fctzen Sie die Kampagnen von Recht auf Leben e.V. \u2013 gemeinsam k\u00f6nnen wir Leben sch\u00fctzen<\/div><div id=\"gtx-trans\"><div class=\"gtx-trans-icon\">\u00a0<\/div><\/div><\/div><\/div><div class=\"module module-image tb_u5gu216 image-right tf_mw\"><div class=\"image-wrap tf_rel tf_mw\"><img fetchpriority=\"high\" decoding=\"async\" fetchpriority=\"high\" class=\"wp-post-image wp-image-8617\" title=\"UN\" src=\"https:\/\/www.rechtaufleben.org\/ral\/wp-content\/uploads\/2025\/12\/WhatsApp-12-06-at-08.27.27.webp\" sizes=\"(max-width: 960px) 100vw, 960px\" srcset=\"https:\/\/www.rechtaufleben.org\/ral\/wp-content\/uploads\/2025\/12\/WhatsApp-12-06-at-08.27.27.webp 960w, https:\/\/www.rechtaufleben.org\/ral\/wp-content\/uploads\/2025\/12\/WhatsApp-12-06-at-08.27.27-300x261.webp 300w, https:\/\/www.rechtaufleben.org\/ral\/wp-content\/uploads\/2025\/12\/WhatsApp-12-06-at-08.27.27-768x669.webp 768w, https:\/\/www.rechtaufleben.org\/ral\/wp-content\/uploads\/2025\/12\/WhatsApp-12-06-at-08.27.27-370x322.webp 370w, https:\/\/www.rechtaufleben.org\/ral\/wp-content\/uploads\/2025\/12\/WhatsApp-12-06-at-08.27.27-700x610.jpeg 700w\" alt=\"UN\" width=\"960\" height=\"836\" \/><\/div><\/div><\/div><\/div><\/div><\/div><div class=\"clearfix\">\u00a0<\/div><div id=\"gtx-trans\" style=\"position: absolute; left: -17px; top: -24.2242px;\"><div class=\"gtx-trans-icon\">\u00a0<\/div><\/div>    <\/div>\n<\/div>\n<!-- \/module text -->        <\/div>\n                        <\/div>\n        <\/div>\n        <\/div>\n<!--\/themify_builder_content-->","protected":false},"excerpt":{"rendered":"<p>12. December 2025&nbsp;0&nbsp;2<\/p>\n","protected":false},"author":6,"featured_media":8457,"comment_status":"open","ping_status":"open","sticky":false,"template":"","format":"standard","meta":{"give_campaign_id":0,"footnotes":""},"categories":[64,66,67],"tags":[],"class_list":["post-8456","post","type-post","status-publish","format-standard","has-post-thumbnail","hentry","category-aktuelles","category-internationales","category-menschenrechtsarbeit"],"builder_content":"Die Zahl der Hinrichtungen im Iran steigt dramatisch. Besonders Frauen und junge Menschen sind von Todesurteilen bedroht.\u00a0Recht auf Leben e.V. organisiert in zahlreichen St\u00e4dten bundesweite Stra\u00dfen-Kampagnen, um Unterschriften gegen die Todesstrafe zu sammeln und finanzielle Unterst\u00fctzung f\u00fcr lebensrettende Ma\u00dfnahmen zu gewinnen.\u00a0Wir stehen gemeinsam mit Inhaftierten in Kiel, Hamburg, L\u00fcbeck, Berlin, Stuttgart, T\u00fcbingen, Esslingen, Konstanz, M\u00fcnchen, Frankfurt, K\u00f6ln, D\u00fcsseldorf und vielen weiteren St\u00e4dten in Deutschland.\u00a0Jede Stimme und jede Spende kann helfen, Hinrichtungen zu stoppen und bedrohten Menschen beizustehen \u2013 darunter:\u00a0Zahra Tabari\u00a0Warische Moradi\u00a0Pakhshan Azizi\u00a0Mohammad Ghobadlou\u00a0Bitte unterst\u00fctzen Sie die Kampagnen von Recht auf Leben e.V. \u2013 gemeinsam k\u00f6nnen wir Leben sch\u00fctzen\u00a0<img decoding=\"async\" title=\"UN\" src=\"https:\/\/www.rechtaufleben.org\/ral\/wp-content\/uploads\/2025\/12\/WhatsApp-12-06-at-08.27.27.webp\" sizes=\"(max-width: 960px) 100vw, 960px\" srcset=\"https:\/\/www.rechtaufleben.org\/ral\/wp-content\/uploads\/2025\/12\/WhatsApp-12-06-at-08.27.27.webp 960w, https:\/\/www.rechtaufleben.org\/ral\/wp-content\/uploads\/2025\/12\/WhatsApp-12-06-at-08.27.27-300x261.webp 300w, https:\/\/www.rechtaufleben.org\/ral\/wp-content\/uploads\/2025\/12\/WhatsApp-12-06-at-08.27.27-768x669.webp 768w, https:\/\/www.rechtaufleben.org\/ral\/wp-content\/uploads\/2025\/12\/WhatsApp-12-06-at-08.27.27-370x322.webp 370w, https:\/\/www.rechtaufleben.org\/ral\/wp-content\/uploads\/2025\/12\/WhatsApp-12-06-at-08.27.27-700x610.jpeg 700w\" alt=\"UN\" width=\"960\" height=\"836\" \/>\u00a0\u00a0","_links":{"self":[{"href":"https:\/\/rechtaufleben.org\/ral\/wp-json\/wp\/v2\/posts\/8456","targetHints":{"allow":["GET"]}}],"collection":[{"href":"https:\/\/rechtaufleben.org\/ral\/wp-json\/wp\/v2\/posts"}],"about":[{"href":"https:\/\/rechtaufleben.org\/ral\/wp-json\/wp\/v2\/types\/post"}],"author":[{"embeddable":true,"href":"https:\/\/rechtaufleben.org\/ral\/wp-json\/wp\/v2\/users\/6"}],"replies":[{"embeddable":true,"href":"https:\/\/rechtaufleben.org\/ral\/wp-json\/wp\/v2\/comments?post=8456"}],"version-history":[{"count":2,"href":"https:\/\/rechtaufleben.org\/ral\/wp-json\/wp\/v2\/posts\/8456\/revisions"}],"predecessor-version":[{"id":8459,"href":"https:\/\/rechtaufleben.org\/ral\/wp-json\/wp\/v2\/posts\/8456\/revisions\/8459"}],"wp:featuredmedia":[{"embeddable":true,"href":"https:\/\/rechtaufleben.org\/ral\/wp-json\/wp\/v2\/media\/8457"}],"wp:attachment":[{"href":"https:\/\/rechtaufleben.org\/ral\/wp-json\/wp\/v2\/media?parent=8456"}],"wp:term":[{"taxonomy":"category","embeddable":true,"href":"https:\/\/rechtaufleben.org\/ral\/wp-json\/wp\/v2\/categories?post=8456"},{"taxonomy":"post_tag","embeddable":true,"href":"https:\/\/rechtaufleben.org\/ral\/wp-json\/wp\/v2\/tags?post=8456"}],"curies":[{"name":"wp","href":"https:\/\/api.w.org\/{rel}","templated":true}]}}