{"id":8468,"date":"2026-01-21T16:13:22","date_gmt":"2026-01-21T15:13:22","guid":{"rendered":"https:\/\/rechtaufleben.org\/ral\/?p=8468"},"modified":"2026-01-21T16:13:24","modified_gmt":"2026-01-21T15:13:24","slug":"beginn-desregimewechselsund-die-geburteines-freien-irans","status":"publish","type":"post","link":"https:\/\/rechtaufleben.org\/ral\/beginn-desregimewechselsund-die-geburteines-freien-irans\/","title":{"rendered":"Beginn desRegimewechselsund die Geburteines freien Irans"},"content":{"rendered":"<!--themify_builder_content-->\n<div id=\"themify_builder_content-8468\" data-postid=\"8468\" class=\"themify_builder_content themify_builder_content-8468 themify_builder tf_clear\">\n                    <div  data-lazy=\"1\" class=\"module_row themify_builder_row tb_gr5y877 tb_first tf_w\">\n                        <div class=\"row_inner col_align_top tb_col_count_1 tf_box tf_rel\">\n                        <div  data-lazy=\"1\" class=\"module_column tb-column col-full tb_7q0n877 first\">\n                    <!-- module text -->\n<div  class=\"module module-text tb_oip7595   \" data-lazy=\"1\">\n        <div  class=\"tb_text_wrap\">\n        <p data-start=\"306\" data-end=\"553\"><strong data-start=\"306\" data-end=\"356\">Der widerstandsf\u00e4hige Aufstand vom Januar 2026<\/strong><\/p><div>Der widerstandsf\u00e4hige Aufstand vom Januar 2026<\/div><div>ist keine vor\u00fcbergehende Welle: er ist der Ausbruch der angestauten Wut einer Nation, die nach 47 Jahren unersch\u00fctterlichen Widerstands und Kampfes den Wendepunkt des Umsturzes erreicht hat. Abschnitt 1 \u2013 Der Wille des Volkes<\/div><div>\u00a0<\/div><div>Mit ihren donnernden Parolen haben die Menschen im Iran eine historische Trennlinie gegen jede Form von Diktatur gezogen \u2013 sei es die monarchische oder die religi\u00f6se.<\/div><div>Der Ruf der Stra\u00dfe ist heute der Ruf nach der Errichtung einer demokratischen Republik,\u00a0die auf der Trennung von Kirche und Staat und der absoluten Souver\u00e4nit\u00e4t der Wahlurne basiert.<\/div><div><strong><strong>\u00a0Freiheit wird erk\u00e4mpft<\/strong><\/strong><figure id=\"attachment_8469\" aria-describedby=\"caption-attachment-8469\" style=\"width: 300px\" class=\"wp-caption alignnone\"><img fetchpriority=\"high\" decoding=\"async\" fetchpriority=\"high\" class=\"size-medium wp-image-8469\" src=\"https:\/\/rechtaufleben.org\/ral\/wp-content\/uploads\/2026\/01\/Berlin-flyer-300x211.jpg\" alt=\"\" width=\"300\" height=\"211\" srcset=\"https:\/\/rechtaufleben.org\/ral\/wp-content\/uploads\/2026\/01\/Berlin-flyer-300x211.jpg 300w, https:\/\/rechtaufleben.org\/ral\/wp-content\/uploads\/2026\/01\/Berlin-flyer-1024x719.jpg 1024w, https:\/\/rechtaufleben.org\/ral\/wp-content\/uploads\/2026\/01\/Berlin-flyer-768x539.jpg 768w, https:\/\/rechtaufleben.org\/ral\/wp-content\/uploads\/2026\/01\/Berlin-flyer-370x260.jpg 370w, https:\/\/rechtaufleben.org\/ral\/wp-content\/uploads\/2026\/01\/Berlin-flyer-700x491.jpg 700w, https:\/\/rechtaufleben.org\/ral\/wp-content\/uploads\/2026\/01\/Berlin-flyer.jpg 1080w\" sizes=\"(max-width: 300px) 100vw, 300px\" \/><figcaption id=\"caption-attachment-8469\" class=\"wp-caption-text\">Berlin flyer &#8211; 16<\/figcaption><\/figure><\/div><div>Dieser Aufstand hat erneut bewiesen, dass Freiheit niemals auf einem silbernen Tablett serviert wird.<\/div><div>Vielmehr wird sie einzig und allein auf den Schlachtfeldern des Kampfes durch die kraftvollen H\u00e4nde der Generation des Aufstands geschmiedet.<\/div><div><strong>Quelle globaler Krisen<\/strong><\/div><div>Das Velayat-e-Faqih-Regime ist als der Kopf der Schlange des Terrorismus und des Fundamentalismus in der heutigen Welt die Hauptquelle aller Krisen, die die Region und die Welt in Brand setzen.<\/div><div>Durch den Export von Krisen ist dieses Regime der Hauptantrieb f\u00fcr Instabilit\u00e4t und Kriegstreiberei in Gaza und im Nahen Osten.<\/div><div>Dar\u00fcber hinaus ist es durch die Lieferung von Drohnen und Waffen faktisch zum Partner bei Kriegsverbrechen in der Ukraine geworden und gef\u00e4hrdet damit die Sicherheit Europas und der gesamten Welt.<\/div><div>\u00a0<\/div><div><strong>\u00a0Lehren aus der Geschichte<\/strong><\/div><div>Die Herrschaftszeit des Schahs, insbesondere nach dem Putsch vom 19. August 1953 (28. Mordad), war eine \u00c4ra der Unterdr\u00fcckung und blutigen Repression gegen Freiheitsk\u00e4mpfer.<\/div><div>Die SAVAK verwandelte den Iran durch Folter, Hinrichtungen von Oppositionellen, die Zerschlagung unabh\u00e4ngiger Parteien und die Aufzwingung des Einparteiensystems der Rastachis-Partei in<\/div><div>ein gro\u00dfes Gef\u00e4ngnis f\u00fcr das Volk und ein Paradies f\u00fcr Ausbeuter.<\/div><div>Die Abh\u00e4ngigkeit vom Ausland, die Korruption am Hofe und die Niederschlagung friedlicher Proteste entzogen dem System jegliche Legitimit\u00e4t.<\/div><div>\u00a0<\/div><div><strong>\u00a0Klare Forderung<\/strong><\/div><div>Aus diesem Grund lehnt das iranische Volk, gest\u00fctzt auf seine historische Erfahrung, die Schah-Diktatur ab und fordert eine demokratische Republik.<\/div><div>Call to Action (CTA)<\/div><div>Seien Sie am 7. Februar dabei<\/div><div>um die Stimme des iranischen Volkes f\u00fcr Freiheit und Demokratie zu verst\u00e4rken<\/div><div>und um Frieden und Stabilit\u00e4t in die Region und die Welt zu bringen.<\/div><div class=\"no-scrollbar flex min-h-36 flex-nowrap gap-0.5 overflow-auto sm:gap-1 sm:overflow-hidden xl:min-h-44 mt-1 mb-5 [&amp;:not(:first-child)]:mt-4\"><div class=\"border-token-border-default relative w-32 shrink-0 overflow-hidden rounded-xl border-[0.5px] md:shrink max-h-64 sm:w-[calc((100%-0.5rem)\/3)] rounded-s-xl\"><div>\u00a0<\/div><\/div><\/div>    <\/div>\n<\/div>\n<!-- \/module text -->        <\/div>\n                        <\/div>\n        <\/div>\n        <\/div>\n<!--\/themify_builder_content-->","protected":false},"excerpt":{"rendered":"<p>Der widerstandsf\u00e4hige Aufstand vom Januar 2026Der widerstandsf\u00e4hige Aufstand vom Januar 2026ist keine vor\u00fcbergehende Welle: er ist der Ausbruch der angestauten Wut einer Nation, die nach 47 Jahren unersch\u00fctterlichen&hellip;<\/p>\n","protected":false},"author":6,"featured_media":8469,"comment_status":"open","ping_status":"open","sticky":false,"template":"","format":"standard","meta":{"give_campaign_id":0,"footnotes":""},"categories":[64,66,67],"tags":[],"class_list":["post-8468","post","type-post","status-publish","format-standard","has-post-thumbnail","hentry","category-aktuelles","category-internationales","category-menschenrechtsarbeit"],"builder_content":"<p data-start=\"306\" data-end=\"553\"><strong data-start=\"306\" data-end=\"356\">Der widerstandsf\u00e4hige Aufstand vom Januar 2026<\/strong><\/p>Der widerstandsf\u00e4hige Aufstand vom Januar 2026ist keine vor\u00fcbergehende Welle: er ist der Ausbruch der angestauten Wut einer Nation, die nach 47 Jahren unersch\u00fctterlichen Widerstands und Kampfes den Wendepunkt des Umsturzes erreicht hat. Abschnitt 1 \u2013 Der Wille des Volkes\u00a0Mit ihren donnernden Parolen haben die Menschen im Iran eine historische Trennlinie gegen jede Form von Diktatur gezogen \u2013 sei es die monarchische oder die religi\u00f6se.Der Ruf der Stra\u00dfe ist heute der Ruf nach der Errichtung einer demokratischen Republik,\u00a0die auf der Trennung von Kirche und Staat und der absoluten Souver\u00e4nit\u00e4t der Wahlurne basiert.<strong><strong>\u00a0Freiheit wird erk\u00e4mpft<\/strong><\/strong>[caption id=\"attachment_8469\" align=\"alignnone\" width=\"300\"]<img decoding=\"async\" src=\"https:\/\/rechtaufleben.org\/ral\/wp-content\/uploads\/2026\/01\/Berlin-flyer-300x211.jpg\" alt=\"\" width=\"300\" height=\"211\" srcset=\"https:\/\/rechtaufleben.org\/ral\/wp-content\/uploads\/2026\/01\/Berlin-flyer-300x211.jpg 300w, https:\/\/rechtaufleben.org\/ral\/wp-content\/uploads\/2026\/01\/Berlin-flyer-1024x719.jpg 1024w, https:\/\/rechtaufleben.org\/ral\/wp-content\/uploads\/2026\/01\/Berlin-flyer-768x539.jpg 768w, https:\/\/rechtaufleben.org\/ral\/wp-content\/uploads\/2026\/01\/Berlin-flyer-370x260.jpg 370w, https:\/\/rechtaufleben.org\/ral\/wp-content\/uploads\/2026\/01\/Berlin-flyer-700x491.jpg 700w, https:\/\/rechtaufleben.org\/ral\/wp-content\/uploads\/2026\/01\/Berlin-flyer.jpg 1080w\" sizes=\"(max-width: 300px) 100vw, 300px\" \/> Berlin flyer - 16[\/caption]Dieser Aufstand hat erneut bewiesen, dass Freiheit niemals auf einem silbernen Tablett serviert wird.Vielmehr wird sie einzig und allein auf den Schlachtfeldern des Kampfes durch die kraftvollen H\u00e4nde der Generation des Aufstands geschmiedet.<strong>Quelle globaler Krisen<\/strong>Das Velayat-e-Faqih-Regime ist als der Kopf der Schlange des Terrorismus und des Fundamentalismus in der heutigen Welt die Hauptquelle aller Krisen, die die Region und die Welt in Brand setzen.Durch den Export von Krisen ist dieses Regime der Hauptantrieb f\u00fcr Instabilit\u00e4t und Kriegstreiberei in Gaza und im Nahen Osten.Dar\u00fcber hinaus ist es durch die Lieferung von Drohnen und Waffen faktisch zum Partner bei Kriegsverbrechen in der Ukraine geworden und gef\u00e4hrdet damit die Sicherheit Europas und der gesamten Welt.\u00a0<strong>\u00a0Lehren aus der Geschichte<\/strong>Die Herrschaftszeit des Schahs, insbesondere nach dem Putsch vom 19. August 1953 (28. Mordad), war eine \u00c4ra der Unterdr\u00fcckung und blutigen Repression gegen Freiheitsk\u00e4mpfer.Die SAVAK verwandelte den Iran durch Folter, Hinrichtungen von Oppositionellen, die Zerschlagung unabh\u00e4ngiger Parteien und die Aufzwingung des Einparteiensystems der Rastachis-Partei inein gro\u00dfes Gef\u00e4ngnis f\u00fcr das Volk und ein Paradies f\u00fcr Ausbeuter.Die Abh\u00e4ngigkeit vom Ausland, die Korruption am Hofe und die Niederschlagung friedlicher Proteste entzogen dem System jegliche Legitimit\u00e4t.\u00a0<strong>\u00a0Klare Forderung<\/strong>Aus diesem Grund lehnt das iranische Volk, gest\u00fctzt auf seine historische Erfahrung, die Schah-Diktatur ab und fordert eine demokratische Republik.Call to Action (CTA)Seien Sie am 7. Februar dabeium die Stimme des iranischen Volkes f\u00fcr Freiheit und Demokratie zu verst\u00e4rkenund um Frieden und Stabilit\u00e4t in die Region und die Welt zu bringen.\u00a0","_links":{"self":[{"href":"https:\/\/rechtaufleben.org\/ral\/wp-json\/wp\/v2\/posts\/8468","targetHints":{"allow":["GET"]}}],"collection":[{"href":"https:\/\/rechtaufleben.org\/ral\/wp-json\/wp\/v2\/posts"}],"about":[{"href":"https:\/\/rechtaufleben.org\/ral\/wp-json\/wp\/v2\/types\/post"}],"author":[{"embeddable":true,"href":"https:\/\/rechtaufleben.org\/ral\/wp-json\/wp\/v2\/users\/6"}],"replies":[{"embeddable":true,"href":"https:\/\/rechtaufleben.org\/ral\/wp-json\/wp\/v2\/comments?post=8468"}],"version-history":[{"count":3,"href":"https:\/\/rechtaufleben.org\/ral\/wp-json\/wp\/v2\/posts\/8468\/revisions"}],"predecessor-version":[{"id":8472,"href":"https:\/\/rechtaufleben.org\/ral\/wp-json\/wp\/v2\/posts\/8468\/revisions\/8472"}],"wp:featuredmedia":[{"embeddable":true,"href":"https:\/\/rechtaufleben.org\/ral\/wp-json\/wp\/v2\/media\/8469"}],"wp:attachment":[{"href":"https:\/\/rechtaufleben.org\/ral\/wp-json\/wp\/v2\/media?parent=8468"}],"wp:term":[{"taxonomy":"category","embeddable":true,"href":"https:\/\/rechtaufleben.org\/ral\/wp-json\/wp\/v2\/categories?post=8468"},{"taxonomy":"post_tag","embeddable":true,"href":"https:\/\/rechtaufleben.org\/ral\/wp-json\/wp\/v2\/tags?post=8468"}],"curies":[{"name":"wp","href":"https:\/\/api.w.org\/{rel}","templated":true}]}}