{"id":93,"date":"2022-08-25T12:25:23","date_gmt":"2022-08-25T10:25:23","guid":{"rendered":"https:\/\/rechtaufleben.org\/ral\/?p=93"},"modified":"2025-10-16T10:12:06","modified_gmt":"2025-10-16T08:12:06","slug":"iran-politische-gefangene-ohne-medizinische-hilfe","status":"publish","type":"post","link":"https:\/\/rechtaufleben.org\/ral\/iran-politische-gefangene-ohne-medizinische-hilfe\/","title":{"rendered":"IRAN \u2013 Politische Gefangene ohne medizinische Hilfe"},"content":{"rendered":"<p><a href=\"https:\/\/freundeinnot.org\/fin\/2022\/07\/11\/in-zehn-provinzen-demonstrieren-rentner-sie-skandieren-regimekritische-slogans\/\"><\/a><\/p>\n\n<!--themify_builder_content-->\n<div id=\"themify_builder_content-93\" data-postid=\"93\" class=\"themify_builder_content themify_builder_content-93 themify_builder tf_clear\">\n                    <div  data-lazy=\"1\" class=\"module_row themify_builder_row tb_grr4211 tb_first tf_w\">\n                        <div class=\"row_inner col_align_top tb_col_count_1 tf_box tf_rel\">\n                        <div  data-lazy=\"1\" class=\"module_column tb-column col-full tb_mhsz212 first\">\n                    <!-- module text -->\n<div  class=\"module module-text tb_eghh81   \" data-lazy=\"1\">\n        <div  class=\"tb_text_wrap\">\n        <p><span style=\"color: #000000;\">Hashem Khastar wurde allein wegen seiner Regimekritik und seines friedlichen Engagements in der Lehrer-Gewerkschaft zu 16 Jahren Haft verurteilt. Dem kranken Gefangenen wird keine Haftunterbrechung gew\u00e4hrt, und Kontakte zu seiner Familie werden nur sehr eingeschr\u00e4nkt zugelassen.<\/span><\/p>    <\/div>\n<\/div>\n<!-- \/module text -->        <\/div>\n                        <\/div>\n        <\/div>\n                        <div  data-lazy=\"1\" class=\"module_row themify_builder_row tb_dydh53 tf_w\">\n                        <div class=\"row_inner col_align_top tb_col_count_2 tf_box tf_rel\">\n                        <div  data-lazy=\"1\" class=\"module_column tb-column col4-2 tb_62rb53 first\">\n                    <!-- module image -->\n<div  class=\"module module-image tb_l3an557 image-top   tf_mw\" data-lazy=\"1\">\n        <div class=\"image-wrap tf_rel tf_mw\">\n            <img decoding=\"async\" src=\"https:\/\/rechtaufleben.org\/ral\/wp-content\/uploads\/2022\/08\/khastar-150-4-1160x665-1-1-1024x587-1.jpg\" title=\"IRAN \u2013 Politische Gefangene ohne medizinische Hilfe\" alt=\"IRAN \u2013 Politische Gefangene ohne medizinische Hilfe\">    \n        <\/div>\n    <!-- \/image-wrap -->\n    \n        <\/div>\n<!-- \/module image -->        <\/div>\n                    <div  data-lazy=\"1\" class=\"module_column tb-column col4-2 tb_89cz54 last\">\n                    <!-- module text -->\n<div  class=\"module module-text tb_50fr416   \" data-lazy=\"1\">\n        <div  class=\"tb_text_wrap\">\n        <p><span style=\"color: #000000;\">Dem 68-j\u00e4hrigen Gefangenen Hashem Khastar (Bild) wird im Vakilabad-Gef\u00e4ngnis der nordostiranischen Provinzhauptstadt Mashhad absichtlich die dringend ben\u00f6tigte medizinische Versorgung verweigert. Der B\u00fcrgerrechtler leidet an verschiedenen Krankheiten, darunter hohem Blutdruck und einer Erkrankung des Magen-Darm-Trakts, die zu einem erheblichen Gewichtsverlust gef\u00fchrt haben. Der Gefangene ben\u00f6tigt eine Haftunterbrechung, um sich in einer Klinik au\u00dferhalb des Gef\u00e4ngnisses station\u00e4r behandeln zu lassen. Die Regime-Justiz verweigert ihm jedoch seit fast drei Jahren jegliche Haftunterbrechung.<\/span><\/p>    <\/div>\n<\/div>\n<!-- \/module text -->        <\/div>\n                        <\/div>\n        <\/div>\n                        <div  data-lazy=\"1\" class=\"module_row themify_builder_row tb_9v2u299 tf_w\">\n                        <div class=\"row_inner col_align_top tb_col_count_1 tf_box tf_rel\">\n                        <div  data-lazy=\"1\" class=\"module_column tb-column col-full tb_q0w0299 first\">\n                    <!-- module text -->\n<div  class=\"module module-text tb_euw6589   \" data-lazy=\"1\">\n        <div  class=\"tb_text_wrap\">\n        <p><span style=\"color: #000000;\">Hashem Khastar war Lehrer an einer Fachoberschule f\u00fcr Agrartechnik und geh\u00f6rte zum Vorstand der Lehrergewerkschaft der Stadt Mashhad. Er hat an zahlreichen friedlichen Protestkundgebungen f\u00fcr die Rechte von Lehrern teilgenommen und wurde aus diesem Grund seit 2008 mehrfach verhaftet.<\/span><\/p>\n<p><span style=\"color: #000000;\">Im Juni 2019 protestierte Hashem Khastar gemeinsam mit anderen B\u00fcrgerechtlern in einem offenen Brief gegen die Diktatur und die systematische Unterdr\u00fcckung im Iran und forderte den R\u00fccktritt des obersten Regimef\u00fchrers Khamenei. In dem Brief wurden grundlegende \u00c4nderungen der Verfassung des Landes verlangt, um eine Demokratisierung im Iran m\u00f6glich zu machen.<\/span><\/p>    <\/div>\n<\/div>\n<!-- \/module text -->        <\/div>\n                        <\/div>\n        <\/div>\n        <\/div>\n<!--\/themify_builder_content-->","protected":false},"excerpt":{"rendered":"","protected":false},"author":1,"featured_media":0,"comment_status":"open","ping_status":"open","sticky":false,"template":"","format":"standard","meta":{"give_campaign_id":0,"footnotes":""},"categories":[64,68],"tags":[],"class_list":["post-93","post","type-post","status-publish","format-standard","hentry","category-aktuelles","category-uncategorized"],"builder_content":"<p>Hashem Khastar wurde allein wegen seiner Regimekritik und seines friedlichen Engagements in der Lehrer-Gewerkschaft zu 16 Jahren Haft verurteilt. Dem kranken Gefangenen wird keine Haftunterbrechung gew\u00e4hrt, und Kontakte zu seiner Familie werden nur sehr eingeschr\u00e4nkt zugelassen.<\/p>\n<img src=\"https:\/\/rechtaufleben.org\/ral\/wp-content\/uploads\/2022\/08\/khastar-150-4-1160x665-1-1-1024x587-1.jpg\" title=\"IRAN \u2013 Politische Gefangene ohne medizinische Hilfe\" alt=\"IRAN \u2013 Politische Gefangene ohne medizinische Hilfe\">\n<p>Dem 68-j\u00e4hrigen Gefangenen Hashem Khastar (Bild) wird im Vakilabad-Gef\u00e4ngnis der nordostiranischen Provinzhauptstadt Mashhad absichtlich die dringend ben\u00f6tigte medizinische Versorgung verweigert. Der B\u00fcrgerrechtler leidet an verschiedenen Krankheiten, darunter hohem Blutdruck und einer Erkrankung des Magen-Darm-Trakts, die zu einem erheblichen Gewichtsverlust gef\u00fchrt haben. Der Gefangene ben\u00f6tigt eine Haftunterbrechung, um sich in einer Klinik au\u00dferhalb des Gef\u00e4ngnisses station\u00e4r behandeln zu lassen. Die Regime-Justiz verweigert ihm jedoch seit fast drei Jahren jegliche Haftunterbrechung.<\/p>\n<p>Hashem Khastar war Lehrer an einer Fachoberschule f\u00fcr Agrartechnik und geh\u00f6rte zum Vorstand der Lehrergewerkschaft der Stadt Mashhad. Er hat an zahlreichen friedlichen Protestkundgebungen f\u00fcr die Rechte von Lehrern teilgenommen und wurde aus diesem Grund seit 2008 mehrfach verhaftet.<\/p> <p>Im Juni 2019 protestierte Hashem Khastar gemeinsam mit anderen B\u00fcrgerechtlern in einem offenen Brief gegen die Diktatur und die systematische Unterdr\u00fcckung im Iran und forderte den R\u00fccktritt des obersten Regimef\u00fchrers Khamenei. In dem Brief wurden grundlegende \u00c4nderungen der Verfassung des Landes verlangt, um eine Demokratisierung im Iran m\u00f6glich zu machen.<\/p>","_links":{"self":[{"href":"https:\/\/rechtaufleben.org\/ral\/wp-json\/wp\/v2\/posts\/93","targetHints":{"allow":["GET"]}}],"collection":[{"href":"https:\/\/rechtaufleben.org\/ral\/wp-json\/wp\/v2\/posts"}],"about":[{"href":"https:\/\/rechtaufleben.org\/ral\/wp-json\/wp\/v2\/types\/post"}],"author":[{"embeddable":true,"href":"https:\/\/rechtaufleben.org\/ral\/wp-json\/wp\/v2\/users\/1"}],"replies":[{"embeddable":true,"href":"https:\/\/rechtaufleben.org\/ral\/wp-json\/wp\/v2\/comments?post=93"}],"version-history":[{"count":0,"href":"https:\/\/rechtaufleben.org\/ral\/wp-json\/wp\/v2\/posts\/93\/revisions"}],"wp:attachment":[{"href":"https:\/\/rechtaufleben.org\/ral\/wp-json\/wp\/v2\/media?parent=93"}],"wp:term":[{"taxonomy":"category","embeddable":true,"href":"https:\/\/rechtaufleben.org\/ral\/wp-json\/wp\/v2\/categories?post=93"},{"taxonomy":"post_tag","embeddable":true,"href":"https:\/\/rechtaufleben.org\/ral\/wp-json\/wp\/v2\/tags?post=93"}],"curies":[{"name":"wp","href":"https:\/\/api.w.org\/{rel}","templated":true}]}}